{"id":78099,"date":"2021-08-16T12:56:42","date_gmt":"2021-08-16T17:56:42","guid":{"rendered":"http:\/\/www.lospoliticosveracruz.com.mx\/?p=78099"},"modified":"2021-08-16T12:56:45","modified_gmt":"2021-08-16T17:56:45","slug":"chavos-de-18-ya-les-toca","status":"publish","type":"post","link":"https:\/\/lospoliticosveracruz.com.mx\/?p=78099","title":{"rendered":"Chavos de 18, ya les toca"},"content":{"rendered":"\n<p><\/p>\n\n\n\n<p><\/p>\n\n\n\n<p><strong>Xalapa<\/strong><br>El gobernador Cuitl\u00e1huac Garc\u00eda Jim\u00e9nez, inform\u00f3 que este fin de semana se anunciar\u00e1 la vacunaci\u00f3n de 18 y m\u00e1s contra el coronavirus para las grandes ciudades e iniciar\u00eda en la ciudad de Veracruz.<br>\u00abEstaremos anunciando 18 y m\u00e1s para las grandes ciudades, estamos haciendo el acordonamiento en 100 municipios y pronto vamos a entrar\u00bb.<br>En conferencia de prensa, en palacio de gobierno, el gobernador Cuitl\u00e1huac Garc\u00eda Jim\u00e9nez, precis\u00f3 que ya Veracruz debe prepararse para la planeaci\u00f3n en las grandes ciudades \u00aby probablemente iniciemos con el puerto de Veracruz, Xalapa y otra zona que est\u00e1 complicada que es la zona C\u00f3rdoba y Orizaba\u00bb.<br>Y ser\u00e1 este fin de semana cuando se confirme ese anuncio \u00abprobablemente el s\u00e1bado para dar a conocer la log\u00edstica de 18 y m\u00e1s\u00bb<\/p>\n","protected":false},"excerpt":{"rendered":"<p>XalapaEl gobernador Cuitl\u00e1huac Garc\u00eda Jim\u00e9nez, inform\u00f3 que este fin de semana se anunciar\u00e1 la vacunaci\u00f3n de 18 y m\u00e1s contra el coronavirus para las grandes ciudades e iniciar\u00eda en la ciudad de Veracruz.\u00abEstaremos anunciando 18 y m\u00e1s para las grandes ciudades, estamos haciendo el acordonamiento en 100 municipios y pronto vamos a entrar\u00bb.En conferencia de [&hellip;]<\/p>\n","protected":false},"author":2,"featured_media":0,"comment_status":"closed","ping_status":"closed","sticky":false,"template":"","format":"standard","meta":{"_jetpack_newsletter_access":"","_jetpack_dont_email_post_to_subs":false,"_jetpack_newsletter_tier_id":0,"_jetpack_memberships_contains_paywalled_content":false,"_jetpack_memberships_contains_paid_content":false,"footnotes":""},"categories":[6446],"tags":[751,1563,19347,195,96],"class_list":["post-78099","post","type-post","status-publish","format-standard","hentry","category-la-nota","tag-cordoba","tag-cuitlahuac-garcia-jimenez","tag-vacunacion","tag-veracruz","tag-xalapa"],"jetpack_featured_media_url":"","jetpack_sharing_enabled":true,"jetpack_shortlink":"https:\/\/wp.me\/p4Qcd3-kjF","_links":{"self":[{"href":"https:\/\/lospoliticosveracruz.com.mx\/index.php?rest_route=\/wp\/v2\/posts\/78099","targetHints":{"allow":["GET"]}}],"collection":[{"href":"https:\/\/lospoliticosveracruz.com.mx\/index.php?rest_route=\/wp\/v2\/posts"}],"about":[{"href":"https:\/\/lospoliticosveracruz.com.mx\/index.php?rest_route=\/wp\/v2\/types\/post"}],"author":[{"embeddable":true,"href":"https:\/\/lospoliticosveracruz.com.mx\/index.php?rest_route=\/wp\/v2\/users\/2"}],"replies":[{"embeddable":true,"href":"https:\/\/lospoliticosveracruz.com.mx\/index.php?rest_route=%2Fwp%2Fv2%2Fcomments&post=78099"}],"version-history":[{"count":1,"href":"https:\/\/lospoliticosveracruz.com.mx\/index.php?rest_route=\/wp\/v2\/posts\/78099\/revisions"}],"predecessor-version":[{"id":78101,"href":"https:\/\/lospoliticosveracruz.com.mx\/index.php?rest_route=\/wp\/v2\/posts\/78099\/revisions\/78101"}],"wp:attachment":[{"href":"https:\/\/lospoliticosveracruz.com.mx\/index.php?rest_route=%2Fwp%2Fv2%2Fmedia&parent=78099"}],"wp:term":[{"taxonomy":"category","embeddable":true,"href":"https:\/\/lospoliticosveracruz.com.mx\/index.php?rest_route=%2Fwp%2Fv2%2Fcategories&post=78099"},{"taxonomy":"post_tag","embeddable":true,"href":"https:\/\/lospoliticosveracruz.com.mx\/index.php?rest_route=%2Fwp%2Fv2%2Ftags&post=78099"}],"curies":[{"name":"wp","href":"https:\/\/api.w.org\/{rel}","templated":true}]}}