{"id":78156,"date":"2021-08-17T13:25:23","date_gmt":"2021-08-17T18:25:23","guid":{"rendered":"http:\/\/www.lospoliticosveracruz.com.mx\/?p=78156"},"modified":"2021-08-17T13:30:29","modified_gmt":"2021-08-17T18:30:29","slug":"pues-como-estaran-los-peores","status":"publish","type":"post","link":"https:\/\/lospoliticosveracruz.com.mx\/?p=78156","title":{"rendered":"\u00bfPues c\u00f3mo estar\u00e1n los peores?"},"content":{"rendered":"\n<p><br><\/p>\n\n\n\n<div class=\"wp-block-image\"><figure class=\"alignleft size-large\"><a href=\"http:\/\/www.lospoliticosveracruz.com.mx\/wp-content\/uploads\/2021\/08\/WhatsApp-Image-2021-08-02-at-12.46.36.jpeg\"><img decoding=\"async\" src=\"http:\/\/www.lospoliticosveracruz.com.mx\/wp-content\/uploads\/2021\/08\/WhatsApp-Image-2021-08-02-at-12.46.36.jpeg\" alt=\"\" class=\"wp-image-77480\"\/><\/a><\/figure><\/div>\n\n\n\n<p><strong>Xalapa<\/strong><br>De acuerdo a la encuesta MITOFSKY de julio 2021 sobre la aprobaci\u00f3n a gobernadores, el de Veracruz, Cuitl\u00e1huac Garc\u00eda Jim\u00e9nez,se ubica en el tercer lugar como el mejor de su partido MORENA.<br>Cuenta con aprobaci\u00f3n alta por parte de los veracruzanos que va del 59 al 45 por ciento de aprobaci\u00f3n.<br>Durante julio el promedio de aprobaci\u00f3n a los 32 gobernadores de M\u00e9xico se mantuvo en 48.8%, de acuerdo con el #RankingMITOFSKY Cap\u00edtulo: Gobernadores y gobernadoras de M\u00e9xico, sondeo realizado mes a mes desde noviembre de 2019.<br>En esta medici\u00f3n, en las primeras cuatro posiciones mantienen Mauricio Vila de Yucat\u00e1n, Quirino Ordaz de Sinaloa, Miguel Riquelme de Coahuila y Francisco Dom\u00ednguez de Quer\u00e9taro, mientras que Jaime Bonilla de Baja California, se coloca en la quinta posici\u00f3n desplazando al sexto lugar a Carlos Mendoza Davis de Baja California sur. En el puesto n\u00famero siete se coloca Diego Sinuhe Rodr\u00edguez de Guanajuato y en la octava, Claudia Sheinbaum, Jefa de Gobierno de la CDMX.<br>Asimismo, entre junio y julio del 2021, la aprobaci\u00f3n promedio del titular del Ejecutivo federal, Andr\u00e9s Manuel L\u00f3pez Obrador, disminuy\u00f3 al pasar de 58 a 57 por ciento seg\u00fan muestran los datos de la medici\u00f3n sobre aprobaci\u00f3n presidencial realizada por Mitofsky.<\/p>\n","protected":false},"excerpt":{"rendered":"<p>XalapaDe acuerdo a la encuesta MITOFSKY de julio 2021 sobre la aprobaci\u00f3n a gobernadores, el de Veracruz, Cuitl\u00e1huac Garc\u00eda Jim\u00e9nez,se ubica en el tercer lugar como el mejor de su partido MORENA.Cuenta con aprobaci\u00f3n alta por parte de los veracruzanos que va del 59 al 45 por ciento de aprobaci\u00f3n.Durante julio el promedio de aprobaci\u00f3n [&hellip;]<\/p>\n","protected":false},"author":2,"featured_media":0,"comment_status":"closed","ping_status":"closed","sticky":false,"template":"","format":"standard","meta":{"_jetpack_newsletter_access":"","_jetpack_dont_email_post_to_subs":false,"_jetpack_newsletter_tier_id":0,"_jetpack_memberships_contains_paywalled_content":false,"_jetpack_memberships_contains_paid_content":false,"footnotes":""},"categories":[6446],"tags":[1563,3405,1026],"class_list":["post-78156","post","type-post","status-publish","format-standard","hentry","category-la-nota","tag-cuitlahuac-garcia-jimenez","tag-mitofsky","tag-morena"],"jetpack_featured_media_url":"","jetpack_sharing_enabled":true,"jetpack_shortlink":"https:\/\/wp.me\/p4Qcd3-kkA","_links":{"self":[{"href":"https:\/\/lospoliticosveracruz.com.mx\/index.php?rest_route=\/wp\/v2\/posts\/78156","targetHints":{"allow":["GET"]}}],"collection":[{"href":"https:\/\/lospoliticosveracruz.com.mx\/index.php?rest_route=\/wp\/v2\/posts"}],"about":[{"href":"https:\/\/lospoliticosveracruz.com.mx\/index.php?rest_route=\/wp\/v2\/types\/post"}],"author":[{"embeddable":true,"href":"https:\/\/lospoliticosveracruz.com.mx\/index.php?rest_route=\/wp\/v2\/users\/2"}],"replies":[{"embeddable":true,"href":"https:\/\/lospoliticosveracruz.com.mx\/index.php?rest_route=%2Fwp%2Fv2%2Fcomments&post=78156"}],"version-history":[{"count":2,"href":"https:\/\/lospoliticosveracruz.com.mx\/index.php?rest_route=\/wp\/v2\/posts\/78156\/revisions"}],"predecessor-version":[{"id":78163,"href":"https:\/\/lospoliticosveracruz.com.mx\/index.php?rest_route=\/wp\/v2\/posts\/78156\/revisions\/78163"}],"wp:attachment":[{"href":"https:\/\/lospoliticosveracruz.com.mx\/index.php?rest_route=%2Fwp%2Fv2%2Fmedia&parent=78156"}],"wp:term":[{"taxonomy":"category","embeddable":true,"href":"https:\/\/lospoliticosveracruz.com.mx\/index.php?rest_route=%2Fwp%2Fv2%2Fcategories&post=78156"},{"taxonomy":"post_tag","embeddable":true,"href":"https:\/\/lospoliticosveracruz.com.mx\/index.php?rest_route=%2Fwp%2Fv2%2Ftags&post=78156"}],"curies":[{"name":"wp","href":"https:\/\/api.w.org\/{rel}","templated":true}]}}