{"id":78593,"date":"2021-08-26T10:25:54","date_gmt":"2021-08-26T15:25:54","guid":{"rendered":"http:\/\/www.lospoliticosveracruz.com.mx\/?p=78593"},"modified":"2021-08-26T10:25:57","modified_gmt":"2021-08-26T15:25:57","slug":"se-ponen-perros-en-proteccion","status":"publish","type":"post","link":"https:\/\/lospoliticosveracruz.com.mx\/?p=78593","title":{"rendered":"Se ponen perros en Protecci\u00f3n!"},"content":{"rendered":"\n<p><\/p>\n\n\n\n<p><\/p>\n\n\n\n<p><strong>Xalapa<\/strong><br>Con el objetivo de fortalecer los conocimientos en operaciones de agentes caninos para la protecci\u00f3n ciudadana, elementos de la Compa\u00f1\u00eda K-9 de la Fuerza Civil de la Secretar\u00eda de Seguridad P\u00fablica (SSP) participaron en el Primer Seminario Perros de Protecci\u00f3n, realizado del 20 al 22 de agosto, en Ensenada, Baja California.<br>Durante 30 horas, el Polic\u00eda Primero Daniel Valent\u00edn Ortega Mendoza, el Polic\u00eda Tercero Luis \u00c1ngel Gonz\u00e1lez Hern\u00e1ndez y el agente canino Junior, pertenecientes a la Compa\u00f1\u00eda K-9 de Fuerza Civil, fueron capacitados en \u201cInicio y selecci\u00f3n de perros polic\u00eda\u201d, \u201cBases para la adaptaci\u00f3n a la aeronave\u201d e \u201cInformaci\u00f3n al agente canino sobre los nuevos escenarios\u00bb, temas impartidos por Fernando Paniagua Legaspy, director de Operaciones Caninas de la Guardia Estatal de Baja California y Caridad Ferrer Guti\u00e9rrez, directora de Baja K9 Formaci\u00f3n y Desarrollo Integral Canino de Baja California.<br>Por su destacada participaci\u00f3n, los oficiales recibieron constancia de participaci\u00f3n por parte de H\u00e9ctor Meza Flores, director de Omega Training Escuela de Adiestramiento Canino; Mart\u00edn Cervantes Mateo, director de Adiestramiento Canino MCM, as\u00ed como de las direcciones de Operaciones Caninas de la Guardia Estatal de Baja California, y Formaci\u00f3n y Desarrollo Integral Canino.<br>Con estas acciones, la SSP refrenda su compromiso para el fortalecimiento de las capacidades policiales al servicio de la protecci\u00f3n ciudadana en la entidad veracruzana.<\/p>\n","protected":false},"excerpt":{"rendered":"<p>XalapaCon el objetivo de fortalecer los conocimientos en operaciones de agentes caninos para la protecci\u00f3n ciudadana, elementos de la Compa\u00f1\u00eda K-9 de la Fuerza Civil de la Secretar\u00eda de Seguridad P\u00fablica (SSP) participaron en el Primer Seminario Perros de Protecci\u00f3n, realizado del 20 al 22 de agosto, en Ensenada, Baja California.Durante 30 horas, el Polic\u00eda [&hellip;]<\/p>\n","protected":false},"author":2,"featured_media":0,"comment_status":"closed","ping_status":"closed","sticky":false,"template":"","format":"standard","meta":{"_jetpack_newsletter_access":"","_jetpack_dont_email_post_to_subs":false,"_jetpack_newsletter_tier_id":0,"_jetpack_memberships_contains_paywalled_content":false,"_jetpack_memberships_contains_paid_content":false,"footnotes":""},"categories":[73],"tags":[30051,4555,30052],"class_list":["post-78593","post","type-post","status-publish","format-standard","hentry","category-de-boleto","tag-compania-k-9-de-la-fuerza-civil","tag-secretaria-de-seguridad-publica","tag-seminario-perros-de-proteccion"],"jetpack_featured_media_url":"","jetpack_sharing_enabled":true,"jetpack_shortlink":"https:\/\/wp.me\/p4Qcd3-krD","_links":{"self":[{"href":"https:\/\/lospoliticosveracruz.com.mx\/index.php?rest_route=\/wp\/v2\/posts\/78593","targetHints":{"allow":["GET"]}}],"collection":[{"href":"https:\/\/lospoliticosveracruz.com.mx\/index.php?rest_route=\/wp\/v2\/posts"}],"about":[{"href":"https:\/\/lospoliticosveracruz.com.mx\/index.php?rest_route=\/wp\/v2\/types\/post"}],"author":[{"embeddable":true,"href":"https:\/\/lospoliticosveracruz.com.mx\/index.php?rest_route=\/wp\/v2\/users\/2"}],"replies":[{"embeddable":true,"href":"https:\/\/lospoliticosveracruz.com.mx\/index.php?rest_route=%2Fwp%2Fv2%2Fcomments&post=78593"}],"version-history":[{"count":1,"href":"https:\/\/lospoliticosveracruz.com.mx\/index.php?rest_route=\/wp\/v2\/posts\/78593\/revisions"}],"predecessor-version":[{"id":78595,"href":"https:\/\/lospoliticosveracruz.com.mx\/index.php?rest_route=\/wp\/v2\/posts\/78593\/revisions\/78595"}],"wp:attachment":[{"href":"https:\/\/lospoliticosveracruz.com.mx\/index.php?rest_route=%2Fwp%2Fv2%2Fmedia&parent=78593"}],"wp:term":[{"taxonomy":"category","embeddable":true,"href":"https:\/\/lospoliticosveracruz.com.mx\/index.php?rest_route=%2Fwp%2Fv2%2Fcategories&post=78593"},{"taxonomy":"post_tag","embeddable":true,"href":"https:\/\/lospoliticosveracruz.com.mx\/index.php?rest_route=%2Fwp%2Fv2%2Ftags&post=78593"}],"curies":[{"name":"wp","href":"https:\/\/api.w.org\/{rel}","templated":true}]}}