{"id":78676,"date":"2021-08-27T10:28:28","date_gmt":"2021-08-27T15:28:28","guid":{"rendered":"http:\/\/www.lospoliticosveracruz.com.mx\/?p=78676"},"modified":"2021-08-27T10:28:32","modified_gmt":"2021-08-27T15:28:32","slug":"la-noche-del-huracan","status":"publish","type":"post","link":"https:\/\/lospoliticosveracruz.com.mx\/?p=78676","title":{"rendered":"La noche del hurac\u00e1n"},"content":{"rendered":"\n<p><br><strong>Teresa Carbajal<\/strong><\/p>\n\n\n\n<p>DEBO, NO NIEGO; PAGO, LO JUSTO<\/p>\n\n\n\n<p><br>Las primeras horas del s\u00e1bado 21 de agosto de 2021, fueron sin duda las m\u00e1s oscuras en a\u00f1os para los veracruzanos residentes en el Totonacapan y la Sierra de la Huasteca Baja; pues mientras dorm\u00edan, Grace, un hurac\u00e1n categor\u00eda 3 arrasaba con sus casas, su siembra, su peque\u00f1o negocio y lo poco que les quedaba despu\u00e9s de casi dos a\u00f1os de pandemia.<\/p>\n\n\n\n<p>Guarecidos en sus viviendas los menos afectados, solo escuchaban la destrucci\u00f3n que por fuera \u201cel monstruo\u201d (como algunos lo refieren) causaba en \u00e1rboles, postes, anuncios, y otras viviendas; mientras que quienes lo perdieron todo se quedaban at\u00f3nitos al ver como sus techos, tinacos y dem\u00e1s bienes eran brutalmente arrancados de su lugar.<\/p>\n\n\n\n<p>Llanto, lamentos, dolor y miedo, mas el c\u00famulo de emociones que solo conocer\u00e1n quienes han vivido la furia de un hurac\u00e1n saben, fueron los sentimientos que los acompa\u00f1ar\u00edan hasta el amanecer. Mas al d\u00eda siguiente la luz del d\u00eda, les confirmar\u00eda lo que tanto temieron durante la noche.<\/p>\n\n\n\n<p>A ello siguieron muchas horas de silencio e incertidumbre al no poder comunicarse con sus familiares para saber si estaban bien y, la descomposici\u00f3n de alimentos y reservas por la falta de energ\u00eda el\u00e9ctrica. Un escenario desolador y tr\u00e1gico que poco trascendi\u00f3 a la opini\u00f3n p\u00fablica casualmente por falta de comunicaci\u00f3n, cierre de carreteras y porque en otros puntos del Estado tambi\u00e9n hubo otro tanto de da\u00f1os y diferentes tipos de p\u00e9rdidas que lamentar.<\/p>\n\n\n\n<p>A casi ocho d\u00edas de aquel suceso, los propios habitantes a\u00fan siguen en labores arduas de limpieza, solidaridad, y trabajo en beneficio de sus comunidades y vecinos quienes esperan levantarse de aquel mal momento vivido ante la amenaza del paso de una nueva tormenta y con lluvias que nada mas no dejan de caer.<\/p>\n\n\n\n<p>En la escena nacional se habla de m\u00e1s retrocesos en la econom\u00eda mexicana, pues con datos del INEGI se ha informado que el Indicador Global de la Actividad Econ\u00f3mica (IGAE) se contrajo respecto a mayo y present\u00f3 su peor desempe\u00f1o en poco m\u00e1s de un a\u00f1o, la producci\u00f3n industrial cay\u00f3 a menos cero punto cinco por ciento, las ventas minoristas cayeron menos cero punto seis por ciento, y la producci\u00f3n de constructoras menos cero punto nueve por ciento.<\/p>\n\n\n\n<p>Con cifras oficiales tambi\u00e9n se reporta una fuerte ca\u00edda, en el sector agropecuario, sector servicios, comercio minorista, servicios profesionales, cient\u00edficos y tecnol\u00f3gicos; ello atribuido seg\u00fan expertos a los efectos de la tercera ola de contagios por el virus.<\/p>\n\n\n\n<p>En Papantla una de las zonas m\u00e1s afectadas por el hurac\u00e1n, seg\u00fan informaci\u00f3n que me fue compartida por habitantes del lugar, el cono de huevo lleg\u00f3 a venderse en 80 pesos y el kilo de tortilla en 40 pesos.<\/p>\n\n\n\n<p>Bajo este escenario, que contrasta sin duda con los discursos oficiales gobiernistas en donde se hace gala de la fortaleza del \u201cplan de rescate\u201d y ayuda para los afectados, en los que se afirma, sin detalles (seguramente para no caer en error) que no se escatimar\u00e1n recursos para socorrer y asistir a los ca\u00eddos.<\/p>\n\n\n\n<p>La realidad desenmascara la mentira, pues lo que vemos es un Estado rebasado por la tragedia, que a lo m\u00e1s que a ha llegado es a la instalaci\u00f3n de m\u00f3dulos de acopio para que sea el pueblo quien rescate al pueblo, lecci\u00f3n que no es nueva y nadie tiene que venir a ense\u00f1arnos, pues as\u00ed ha sido durante toda nuestra historia, y con confianza s\u00e9 que as\u00ed ser\u00e1 y esta vez no habr\u00e1 diferencia. \u00a1Saldremos adelante!<\/p>\n\n\n\n<p>Pero mientras, que no se le acuse al pueblo o se le cuestione acerca del por qu\u00e9 dej\u00f3 de pagar sus deudas, del por qu\u00e9 ya no pudo seguir pagando la hipoteca de la casa, o del por qu\u00e9 tuvo que recurrir a pr\u00e9stamos.<\/p>\n\n\n\n<p>Todos los d\u00edas, sin excepci\u00f3n recibimos por lo menos 3 quejas por cobros abusivos e ilegales que amenazan lo que queda de paz a las familias de la clase trabajadora, no estamos solos en la lucha, el Barz\u00f3n est\u00e1 con Ustedes, con todos, para resistir la cobranza abusiva, mientras recuperamos la liquidez, porque por ahora nadie est\u00e1 obligado a lo imposible.<\/p>\n\n\n\n<p>Llama al 2281148502 visite www.elbarzonrc.org Contacte elbarzonrc@yahoo.com.mx, O s\u00edgame en @terecarbajal<\/p>\n","protected":false},"excerpt":{"rendered":"<p>Teresa Carbajal DEBO, NO NIEGO; PAGO, LO JUSTO Las primeras horas del s\u00e1bado 21 de agosto de 2021, fueron sin duda las m\u00e1s oscuras en a\u00f1os para los veracruzanos residentes en el Totonacapan y la Sierra de la Huasteca Baja; pues mientras dorm\u00edan, Grace, un hurac\u00e1n categor\u00eda 3 arrasaba con sus casas, su siembra, su [&hellip;]<\/p>\n","protected":false},"author":2,"featured_media":0,"comment_status":"closed","ping_status":"closed","sticky":false,"template":"","format":"standard","meta":{"_jetpack_newsletter_access":"","_jetpack_dont_email_post_to_subs":false,"_jetpack_newsletter_tier_id":0,"_jetpack_memberships_contains_paywalled_content":false,"_jetpack_memberships_contains_paid_content":false,"footnotes":""},"categories":[70],"tags":[2228,29944,178,3315,30086,15570,2201],"class_list":["post-78676","post","type-post","status-publish","format-standard","hentry","category-de-opinion","tag-economia","tag-huracan-grace-3","tag-inegi","tag-papantla","tag-plan-de-rescate","tag-teresa-carbajal","tag-totonacapan"],"jetpack_featured_media_url":"","jetpack_sharing_enabled":true,"jetpack_shortlink":"https:\/\/wp.me\/p4Qcd3-ksY","_links":{"self":[{"href":"https:\/\/lospoliticosveracruz.com.mx\/index.php?rest_route=\/wp\/v2\/posts\/78676","targetHints":{"allow":["GET"]}}],"collection":[{"href":"https:\/\/lospoliticosveracruz.com.mx\/index.php?rest_route=\/wp\/v2\/posts"}],"about":[{"href":"https:\/\/lospoliticosveracruz.com.mx\/index.php?rest_route=\/wp\/v2\/types\/post"}],"author":[{"embeddable":true,"href":"https:\/\/lospoliticosveracruz.com.mx\/index.php?rest_route=\/wp\/v2\/users\/2"}],"replies":[{"embeddable":true,"href":"https:\/\/lospoliticosveracruz.com.mx\/index.php?rest_route=%2Fwp%2Fv2%2Fcomments&post=78676"}],"version-history":[{"count":1,"href":"https:\/\/lospoliticosveracruz.com.mx\/index.php?rest_route=\/wp\/v2\/posts\/78676\/revisions"}],"predecessor-version":[{"id":78678,"href":"https:\/\/lospoliticosveracruz.com.mx\/index.php?rest_route=\/wp\/v2\/posts\/78676\/revisions\/78678"}],"wp:attachment":[{"href":"https:\/\/lospoliticosveracruz.com.mx\/index.php?rest_route=%2Fwp%2Fv2%2Fmedia&parent=78676"}],"wp:term":[{"taxonomy":"category","embeddable":true,"href":"https:\/\/lospoliticosveracruz.com.mx\/index.php?rest_route=%2Fwp%2Fv2%2Fcategories&post=78676"},{"taxonomy":"post_tag","embeddable":true,"href":"https:\/\/lospoliticosveracruz.com.mx\/index.php?rest_route=%2Fwp%2Fv2%2Ftags&post=78676"}],"curies":[{"name":"wp","href":"https:\/\/api.w.org\/{rel}","templated":true}]}}