{"id":78799,"date":"2021-08-31T07:49:58","date_gmt":"2021-08-31T12:49:58","guid":{"rendered":"http:\/\/www.lospoliticosveracruz.com.mx\/?p=78799"},"modified":"2021-08-31T07:50:02","modified_gmt":"2021-08-31T12:50:02","slug":"a-la-escuela-poco-a-poco","status":"publish","type":"post","link":"https:\/\/lospoliticosveracruz.com.mx\/?p=78799","title":{"rendered":"A la escuela, poco a poco!"},"content":{"rendered":"\n<p><strong>C\u00f3rdoba<br><\/strong>Jorge L\u00f3pez Tress, director de educaci\u00f3n, cultura y deporte del Ayuntamiento de C\u00f3rdoba inform\u00f3 que en este municipio el nuevo curso escolar inici\u00f3 con un regreso escalonado a la actividad presencial.<br>Dijo que la administraci\u00f3n municipal ha mantenido comunicaci\u00f3n constante con autoridades estatales de educaci\u00f3n as\u00ed como con las supervisiones escolares, con la finalidad de que el regreso a clases sea realice de manera fluida y segura.<br>\u201cHoy se da por iniciado este ciclo escolar de manera presencial, desde hace semanas hemos estado en comunicaci\u00f3n con directores de distintas escuelas y con supervisores, en su gran mayor\u00eda los jardines y las primarias seguir\u00e1n de manera virtual, secundaria estar\u00e1 de manera h\u00edbrida, dividendo los d\u00edas en todo el alumnado\u201d, indic\u00f3 L\u00f3pez Tress.<\/p>\n\n\n\n<p>El Director de Educaci\u00f3n, Cultura y Deporte dijo que los protocolos sanitarios se trabajaron en coordinaci\u00f3n con la Jurisdicci\u00f3n Sanitaria y la Secretar\u00eda de Salud, y fueron enterados mediante cursos a supervisores para que ellos pudieran transmitir la informaci\u00f3n a los docentes de los planteles.<\/p>\n\n\n\n<p>Destac\u00f3 que el regreso escalonado permitir\u00e1 un reinicio de actividades de manera ordenada, as\u00ed como avanzar en la implementaci\u00f3n de protocolos, a favor de la integridad de las y los estudiantes. \u201cEsperamos que este regreso a clases sea de beneficio para alumnos, docentes y padres de familia\u201d, enfatiz\u00f3 el servidor p\u00fablico municipal.<\/p>\n\n\n\n<p>L\u00f3pez Tress resalt\u00f3 que en las escuelas como en todos los espacios p\u00fablicos del municipio se mantienen vigentes las medidas de uso permanente y correcto de cubreboca, el lavado constante de manos y superficies, as\u00ed como la aplicaci\u00f3n de distancia f\u00edsica, mientras se avanza en el esquema de vacunaci\u00f3n.<\/p>\n\n\n\n<p>Invit\u00f3 a las familias a mantener sus protocolos, adem\u00e1s de observar y aplicar las disposiciones que cada plantel emiti\u00f3 para retomar las actividades escolares de manera segura y avanzar en el modelo de nueva convivencia social ante la COVID19.<\/p>\n\n\n\n<p>\u201cEl regreso a clases, as\u00ed como mantener actividades sociales y productivas vigentes, se puede lograr al aplicar de manera estricta, en lo individual y lo colectivo, los protocolos sanitarios y las medidas preventivas\u201d, afirm\u00f3.<\/p>\n","protected":false},"excerpt":{"rendered":"<p>C\u00f3rdobaJorge L\u00f3pez Tress, director de educaci\u00f3n, cultura y deporte del Ayuntamiento de C\u00f3rdoba inform\u00f3 que en este municipio el nuevo curso escolar inici\u00f3 con un regreso escalonado a la actividad presencial.Dijo que la administraci\u00f3n municipal ha mantenido comunicaci\u00f3n constante con autoridades estatales de educaci\u00f3n as\u00ed como con las supervisiones escolares, con la finalidad de que [&hellip;]<\/p>\n","protected":false},"author":2,"featured_media":0,"comment_status":"closed","ping_status":"closed","sticky":false,"template":"","format":"standard","meta":{"_jetpack_newsletter_access":"","_jetpack_dont_email_post_to_subs":false,"_jetpack_newsletter_tier_id":0,"_jetpack_memberships_contains_paywalled_content":false,"_jetpack_memberships_contains_paid_content":false,"footnotes":""},"categories":[73],"tags":[24197,18828,7641,5899,30140],"class_list":["post-78799","post","type-post","status-publish","format-standard","hentry","category-de-boleto","tag-clases-presenciales","tag-jorge-lopez-tress","tag-leticia-lopez-landero","tag-regreso-a-clases","tag-regreso-escalonado"],"jetpack_featured_media_url":"","jetpack_sharing_enabled":true,"jetpack_shortlink":"https:\/\/wp.me\/p4Qcd3-kuX","_links":{"self":[{"href":"https:\/\/lospoliticosveracruz.com.mx\/index.php?rest_route=\/wp\/v2\/posts\/78799","targetHints":{"allow":["GET"]}}],"collection":[{"href":"https:\/\/lospoliticosveracruz.com.mx\/index.php?rest_route=\/wp\/v2\/posts"}],"about":[{"href":"https:\/\/lospoliticosveracruz.com.mx\/index.php?rest_route=\/wp\/v2\/types\/post"}],"author":[{"embeddable":true,"href":"https:\/\/lospoliticosveracruz.com.mx\/index.php?rest_route=\/wp\/v2\/users\/2"}],"replies":[{"embeddable":true,"href":"https:\/\/lospoliticosveracruz.com.mx\/index.php?rest_route=%2Fwp%2Fv2%2Fcomments&post=78799"}],"version-history":[{"count":1,"href":"https:\/\/lospoliticosveracruz.com.mx\/index.php?rest_route=\/wp\/v2\/posts\/78799\/revisions"}],"predecessor-version":[{"id":78800,"href":"https:\/\/lospoliticosveracruz.com.mx\/index.php?rest_route=\/wp\/v2\/posts\/78799\/revisions\/78800"}],"wp:attachment":[{"href":"https:\/\/lospoliticosveracruz.com.mx\/index.php?rest_route=%2Fwp%2Fv2%2Fmedia&parent=78799"}],"wp:term":[{"taxonomy":"category","embeddable":true,"href":"https:\/\/lospoliticosveracruz.com.mx\/index.php?rest_route=%2Fwp%2Fv2%2Fcategories&post=78799"},{"taxonomy":"post_tag","embeddable":true,"href":"https:\/\/lospoliticosveracruz.com.mx\/index.php?rest_route=%2Fwp%2Fv2%2Ftags&post=78799"}],"curies":[{"name":"wp","href":"https:\/\/api.w.org\/{rel}","templated":true}]}}