{"id":78831,"date":"2021-08-31T18:09:06","date_gmt":"2021-08-31T23:09:06","guid":{"rendered":"http:\/\/www.lospoliticosveracruz.com.mx\/?p=78831"},"modified":"2021-08-31T18:09:10","modified_gmt":"2021-08-31T23:09:10","slug":"sin-condiciones-para-continuar-con-clases","status":"publish","type":"post","link":"https:\/\/lospoliticosveracruz.com.mx\/?p=78831","title":{"rendered":"Sin condiciones para continuar con clases"},"content":{"rendered":"\n<p><strong>Xalapa<\/strong><\/p>\n\n\n\n<p>En entrevista, el Presidente del PRD en Veracruz, Sergio Cadena Mart\u00ednez, reiter\u00f3 la postura de rechazo a las determinaciones de los Gobiernos federal y estatal en materia de Salud P\u00fablica, para que millones de estudiantes regresaran a clases, \u201ccuyo planteamiento va en detrimento de la ciudadan\u00eda\u201d.<\/p>\n\n\n\n<p>Lament\u00f3 que se haya iniciado el regreso a clases presenciales en un escenario con m\u00e1s de 258 mil muertes y m\u00e1s de 3 millones de casos generales, escenario en el que Veracruz ocupa el lugar n\u00famero 8 a nivel nacional, con casi 12 mil muertes y m\u00e1s de 103 mil casos reportados.<\/p>\n\n\n\n<p>\u201cLamentablemente las condiciones por las que atravesamos no son las mejores ni las m\u00e1s deseables para comenzar con ello; Las cifras no mienten, el estado de crisis sanitaria a\u00fan no ha cesado y ahora sumamos una nueva ola de contagios por las variantes del virus, un sistema de Salud colapsado, protocolos escolares insuficientes y un Gobierno insensible a las necesidades m\u00e1s b\u00e1sicas de seguridad sanitaria\u201d, apunt\u00f3.<\/p>\n\n\n\n<p>Cadena Mart\u00ednez agreg\u00f3 que ante este panorama y la imposici\u00f3n de que \u201cllueve, truene y relampaguee\u201d, se tendr\u00e1 que acatar dicha disposici\u00f3n, por lo que surge la imperiosa necesidad de llamar a la sociedad a la unidad, la solidaridad y conciencia sobre las repercusiones que esta situaci\u00f3n podr\u00eda tener.<\/p>\n\n\n\n<p>Finalmente, envi\u00f3 un mensaje de solidaridad a las y los veracruzanos en esta nueva etapa, en la que dijo nuestra uni\u00f3n ser\u00e1 la clave para la seguridad de nuestras hijas e hijos, as\u00ed como de docentes y padres de familia.<\/p>\n","protected":false},"excerpt":{"rendered":"<p>Xalapa En entrevista, el Presidente del PRD en Veracruz, Sergio Cadena Mart\u00ednez, reiter\u00f3 la postura de rechazo a las determinaciones de los Gobiernos federal y estatal en materia de Salud P\u00fablica, para que millones de estudiantes regresaran a clases, \u201ccuyo planteamiento va en detrimento de la ciudadan\u00eda\u201d. Lament\u00f3 que se haya iniciado el regreso a [&hellip;]<\/p>\n","protected":false},"author":2,"featured_media":0,"comment_status":"closed","ping_status":"closed","sticky":false,"template":"","format":"standard","meta":{"_jetpack_newsletter_access":"","_jetpack_dont_email_post_to_subs":false,"_jetpack_newsletter_tier_id":0,"_jetpack_memberships_contains_paywalled_content":false,"_jetpack_memberships_contains_paid_content":false,"footnotes":""},"categories":[73],"tags":[24197,107,5899,7887,88,195],"class_list":["post-78831","post","type-post","status-publish","format-standard","hentry","category-de-boleto","tag-clases-presenciales","tag-prd","tag-regreso-a-clases","tag-sergio-cadena-martinez","tag-sev","tag-veracruz"],"jetpack_featured_media_url":"","jetpack_sharing_enabled":true,"jetpack_shortlink":"https:\/\/wp.me\/p4Qcd3-kvt","_links":{"self":[{"href":"https:\/\/lospoliticosveracruz.com.mx\/index.php?rest_route=\/wp\/v2\/posts\/78831","targetHints":{"allow":["GET"]}}],"collection":[{"href":"https:\/\/lospoliticosveracruz.com.mx\/index.php?rest_route=\/wp\/v2\/posts"}],"about":[{"href":"https:\/\/lospoliticosveracruz.com.mx\/index.php?rest_route=\/wp\/v2\/types\/post"}],"author":[{"embeddable":true,"href":"https:\/\/lospoliticosveracruz.com.mx\/index.php?rest_route=\/wp\/v2\/users\/2"}],"replies":[{"embeddable":true,"href":"https:\/\/lospoliticosveracruz.com.mx\/index.php?rest_route=%2Fwp%2Fv2%2Fcomments&post=78831"}],"version-history":[{"count":1,"href":"https:\/\/lospoliticosveracruz.com.mx\/index.php?rest_route=\/wp\/v2\/posts\/78831\/revisions"}],"predecessor-version":[{"id":78832,"href":"https:\/\/lospoliticosveracruz.com.mx\/index.php?rest_route=\/wp\/v2\/posts\/78831\/revisions\/78832"}],"wp:attachment":[{"href":"https:\/\/lospoliticosveracruz.com.mx\/index.php?rest_route=%2Fwp%2Fv2%2Fmedia&parent=78831"}],"wp:term":[{"taxonomy":"category","embeddable":true,"href":"https:\/\/lospoliticosveracruz.com.mx\/index.php?rest_route=%2Fwp%2Fv2%2Fcategories&post=78831"},{"taxonomy":"post_tag","embeddable":true,"href":"https:\/\/lospoliticosveracruz.com.mx\/index.php?rest_route=%2Fwp%2Fv2%2Ftags&post=78831"}],"curies":[{"name":"wp","href":"https:\/\/api.w.org\/{rel}","templated":true}]}}