{"id":78919,"date":"2021-09-02T14:27:57","date_gmt":"2021-09-02T19:27:57","guid":{"rendered":"http:\/\/www.lospoliticosveracruz.com.mx\/?p=78919"},"modified":"2021-09-02T14:28:00","modified_gmt":"2021-09-02T19:28:00","slug":"sin-orden-para-vacunar-a-ninos","status":"publish","type":"post","link":"https:\/\/lospoliticosveracruz.com.mx\/?p=78919","title":{"rendered":"Sin orden para vacunar a ni\u00f1os"},"content":{"rendered":"\n<p><\/p>\n\n\n\n<p><strong>Xalapa<\/strong><br>Aun cuando hay amparos, el delegado de los programas de Bienestar, Manuel Huerta Ladr\u00f3n de Guevara, asegur\u00f3 que ning\u00fan menor en Veracruz ha sido vacunado contra el coronavirus.<br>\u00abHay un amparo y lo que s\u00e9 es que no est\u00e1 concluido, se conmina a la persona con una justificaci\u00f3n m\u00e9dica la necesidad de que se le ponga la vacuna\u00bb.<br>De ah\u00ed que hace falta que la justicia ordene que se le vacune \u00aby todav\u00eda no hay esa orden\u00bb.<br>-Seria factible vacunar a los menores?, se le inquiri\u00f3.<br>-A nivel federal ya se dijo que acabando de vacunar a los de 18 a\u00f1os de edad, se analizar\u00e1, siempre y cuando haya una opini\u00f3n de instancias internacionales sobre la posibilidad de vacunar a menores de 18 a\u00f1os de edad, siempre y cuando tengan enfermedades que restan la inmunidad biol\u00f3gica como diabetes, obesidad, asma y c\u00e1ncer, entre otras m\u00e1s.<\/p>\n","protected":false},"excerpt":{"rendered":"<p>XalapaAun cuando hay amparos, el delegado de los programas de Bienestar, Manuel Huerta Ladr\u00f3n de Guevara, asegur\u00f3 que ning\u00fan menor en Veracruz ha sido vacunado contra el coronavirus.\u00abHay un amparo y lo que s\u00e9 es que no est\u00e1 concluido, se conmina a la persona con una justificaci\u00f3n m\u00e9dica la necesidad de que se le ponga [&hellip;]<\/p>\n","protected":false},"author":2,"featured_media":65289,"comment_status":"closed","ping_status":"closed","sticky":false,"template":"","format":"standard","meta":{"_jetpack_newsletter_access":"","_jetpack_dont_email_post_to_subs":false,"_jetpack_newsletter_tier_id":0,"_jetpack_memberships_contains_paywalled_content":false,"_jetpack_memberships_contains_paid_content":false,"footnotes":""},"categories":[73],"tags":[17020,1850,10459],"class_list":["post-78919","post","type-post","status-publish","format-standard","has-post-thumbnail","hentry","category-de-boleto","tag-bienestar","tag-manuel-huerta-ladron-de-guevara","tag-menores-de-edad"],"jetpack_featured_media_url":"https:\/\/lospoliticosveracruz.com.mx\/wp-content\/uploads\/2020\/12\/Manuel-Huerta.jpg","jetpack_sharing_enabled":true,"jetpack_shortlink":"https:\/\/wp.me\/p4Qcd3-kwT","_links":{"self":[{"href":"https:\/\/lospoliticosveracruz.com.mx\/index.php?rest_route=\/wp\/v2\/posts\/78919","targetHints":{"allow":["GET"]}}],"collection":[{"href":"https:\/\/lospoliticosveracruz.com.mx\/index.php?rest_route=\/wp\/v2\/posts"}],"about":[{"href":"https:\/\/lospoliticosveracruz.com.mx\/index.php?rest_route=\/wp\/v2\/types\/post"}],"author":[{"embeddable":true,"href":"https:\/\/lospoliticosveracruz.com.mx\/index.php?rest_route=\/wp\/v2\/users\/2"}],"replies":[{"embeddable":true,"href":"https:\/\/lospoliticosveracruz.com.mx\/index.php?rest_route=%2Fwp%2Fv2%2Fcomments&post=78919"}],"version-history":[{"count":1,"href":"https:\/\/lospoliticosveracruz.com.mx\/index.php?rest_route=\/wp\/v2\/posts\/78919\/revisions"}],"predecessor-version":[{"id":78920,"href":"https:\/\/lospoliticosveracruz.com.mx\/index.php?rest_route=\/wp\/v2\/posts\/78919\/revisions\/78920"}],"wp:featuredmedia":[{"embeddable":true,"href":"https:\/\/lospoliticosveracruz.com.mx\/index.php?rest_route=\/wp\/v2\/media\/65289"}],"wp:attachment":[{"href":"https:\/\/lospoliticosveracruz.com.mx\/index.php?rest_route=%2Fwp%2Fv2%2Fmedia&parent=78919"}],"wp:term":[{"taxonomy":"category","embeddable":true,"href":"https:\/\/lospoliticosveracruz.com.mx\/index.php?rest_route=%2Fwp%2Fv2%2Fcategories&post=78919"},{"taxonomy":"post_tag","embeddable":true,"href":"https:\/\/lospoliticosveracruz.com.mx\/index.php?rest_route=%2Fwp%2Fv2%2Ftags&post=78919"}],"curies":[{"name":"wp","href":"https:\/\/api.w.org\/{rel}","templated":true}]}}