{"id":79031,"date":"2021-09-06T08:22:59","date_gmt":"2021-09-06T13:22:59","guid":{"rendered":"http:\/\/www.lospoliticosveracruz.com.mx\/?p=79031"},"modified":"2021-09-06T08:23:04","modified_gmt":"2021-09-06T13:23:04","slug":"julen-vox-y-el-2024","status":"publish","type":"post","link":"https:\/\/lospoliticosveracruz.com.mx\/?p=79031","title":{"rendered":"Julen, VOX y el 2024"},"content":{"rendered":"\n<p><strong>Omar Z\u00fa\u00f1iga<br><\/strong><em>De Primera Mano Taj\u00edn<\/em><\/p>\n\n\n\n<p><\/p>\n\n\n\n<p>La estamos pendejeando<br>Gustavo Madero<br>Senador del PAN<\/p>\n\n\n\n<p>La semana pasada se suscit\u00f3 un escandalito de proporciones a\u00fan inimaginables, pues las consecuencias de \u00e9ste no se dar\u00e1n en el corto plazo y revivir\u00e1n en el 2024.<br>VOX, partido ultraconservador espa\u00f1ol que en un lapso de tres semanas ha tenido a M\u00e9xico en la palestra pol\u00edtica. Apenas el 13 de agosto pasado, fecha que fue conmemorada con bombo y platillo por el Ejecutivo Federal al tratarse de la ca\u00edda de Tenochtitl\u00e1n con la captura de Cuauht\u00e9moc, \u00faltimo Huey Tlatoani. Pues bien, esta fecha que s\u00ed fue celebrada por VOX, en un tweet que dice \u00abTal d\u00eda como hoy de hace 500 a\u00f1os, una tropa de espa\u00f1oles encabezada por Hern\u00e1n Cort\u00e9s y aliados nativos consiguieron la rendici\u00f3n de Tenochtitl\u00e1n. Espa\u00f1a logr\u00f3 liberar a millones de personas del r\u00e9gimen sanguinario y de terror de los aztecas. Orgullosos de nuestra Historia (sic)\u00bb.<br>Este tweet tuvo la cualidad de unirnos a los mexicanos, pues ciertamente es una ofensa, a pesar del tiempo transcurrido y todos los asegunes que pueden dilucidarse al respecto, como el mestizaje, que extrapolamos las cosas y un largo etc\u00e9tera, pero ese no es el tema\u2026<br>El asunto es que ahora s\u00ed, parafraseando al \u00ednclito, la est\u00e1n pendejeando, pues un grupo de senadores del PAN firm\u00f3 la famosa Carta de Madrid, que m\u00e1s all\u00e1 del contenido ciertamente extra\u00f1o al manifestarse \u00abcontra el comunismo mundial\u00bb, el meollo es la relaci\u00f3n de Santiago Abascal, l\u00edder de VOX, con el veracruzano Julen Rementer\u00eda, coordinador de los senadores panistas y enlace directo y responsable de todo el numerito.<br>Las sonrisas de la foto oficial durante la firma del documento, se fueron al carajo cuando empezaron los cuestionamientos internos de Acci\u00f3n Nacional y el esc\u00e1ndalo que trascendi\u00f3 fronteras. Un visiblemente nervioso Julen Rementer\u00eda tuvo que salir a dar la cara y lejos de aclarar las cosas, al menos para \u00e9l se le pusieron color de hormiga arriera y se enred\u00f3 m\u00e1s que una bola de queso oaxaca, pues dijo que \u00ablo que busc\u00e1bamos del evento era al final de cuentas poder suscribir este documento en el cual expresa derechos en los que creemos mucho m\u00e1s de lo que de repente pensamos. Y por otro lado, no ten\u00eda que ver con la importancia que pudiera tener ninguna figura, por eso es que ni siquiera se hizo p\u00fablica la presencia de absolutamente nadie, porque era un asunto que era b\u00e1sicamente al interior del pensamiento, en lo individual de algunos legisladores.<br>\u00abEso fue lo que hicimos. Absolutamente, quiero reiterar con claridad que aqu\u00ed no tiene que ver el PAN, porque adem\u00e1s no somos nosotros el veh\u00edculo, ni lo pretendemos ser jam\u00e1s. Esto fue estrictamente a t\u00edtulo personal de cada uno, de los que lo hicimos, porque creemos en esto que est\u00e1 contemplado, por ejemplo, pues hasta este momento entiendo que algunos, por la interpretaci\u00f3n que se ha dado, pudieran tener esa molestia, porque de repente se gener\u00f3 esta inconformidad, la entiendo y por eso vengo aqu\u00ed a aclararlo. (aqu\u00ed el video)<br>Y obvio, en el lenguaje beisbolero que le gusta al presidente, los panistas le pusieron una recta a media velocidad que se las bot\u00f3 del parque por todo el jard\u00edn central\u2026, L\u00f3pez Obrador dijo en su ma\u00f1anera que los legisladores del PAN \u00abson ultras conservadores, casi fascistas\u00bb y calific\u00f3 como \u00abmuy lamentable\u00bb el movimiento pol\u00edtico espa\u00f1ol. \u00abEst\u00e1 reto\u00f1ando todo eso en Espa\u00f1a. Muy lamentable, porque el pueblo espa\u00f1ol es un pueblo liberal, progresista, muy trabajador, muy honesto, y esto que est\u00e1 reto\u00f1ando es lo peor, son los m\u00e1s autoritarios, clasistas, racistas, corruptos\u00bb y todo esto estimado lector am\u00e1rrelo al PAN, chill\u00f3n el ni\u00f1o y le dan de nalgadas. Uuuufff.<br>Por si fuera poco, el mismo VOX involucr\u00f3 de manera directa a los pri\u00edstas el senador guerrerense Manuel A\u00f1orve Ba\u00f1os y la diputada veracruzana Lorena Pi\u00f1\u00f3n. La dirigencia nacional del PRI se apresur\u00f3 a deslindar al partido de cualquier nexo y dijo que en su caso lo habr\u00edan a hecho a t\u00edtulo personal, sin embargo la combativa Lorena se deslinda de manera personal pues el d\u00eda y hora de la famosa firma, ella se encontraba reunida con su coordinador, Rub\u00e9n Moreira, adem\u00e1s que su firma no aparece en el documento. A pesar del deslinde, VOX no ha dicho nada.<br>Pero retomo el comentario inicial y esto les va a rebotar de manera inimaginable en 2024; muy buena parte del panismo tradicional a nivel nacional y mucho m\u00e1s el veracruzano ve\u00edan antes de este penoso asunto, a Julen Rementer\u00eda como el \u00fanico con los arrestos para hacerle frente al grupo Boca de los Yunes y capaz de ganar la gubernatura, pero con todo esto y diciendo que la firma del documento Madrid fue a t\u00edtulo personal\u2026, pues a ver qu\u00e9 pasa, dijo un ciego.<\/p>\n\n\n\n<hr class=\"wp-block-separator\"\/>\n\n\n\n<p>El s\u00e1bado pasado se realiz\u00f3 de manera virtual el foro \u00abLa Ciudad que necesitamos\u00bb, auspiciado por el Foro de Cooperaci\u00f3n Alemana y cuyos resultados se van a desarrollar para trabajar en dos lapsos a mediano plazo que concluye en febrero de 2022 y el otro a largo plazo para concretar en 2030 y estar acorde a la agenda de desarrollo sustentable de la ONU.<br>Si bien la asistencia no fue la m\u00e1s nutrida, s\u00ed hubo participaci\u00f3n activa de los que ah\u00ed estuvieron y estos resultados ya empezaron a desarrollarse de acuerdo a las mesas de trabajo y se les dar\u00e1 seguimiento para concluir en la intervenci\u00f3n de un espacio p\u00fablico de acuerdo a varias variantes como seguridad y participaci\u00f3n ciudadana.<br>Pues bueno, resulta que uno de los asistentes fue el gran alcalde de Xalapa, Hip\u00f3lito Rodr\u00edguez Herrero que escuch\u00f3 estoicamente la parte introductoria y cr\u00edticas de algunos participantes.<br>Antes de pasar a las mesas de trabajo empez\u00f3 a hacer ademanes y agitar las manos desesperadamente para poder hacer uso de la voz y sin m\u00e1s abri\u00f3 el micro y empez\u00f3 su alocuci\u00f3n que para variar parec\u00eda que se refer\u00eda a otra Xalapa, a esa que se dice mucho y nadie conoce.<br>Finaliz\u00f3 con un garbanzo de a libra, diciendo que finalmente ellos como administraci\u00f3n municipal ya se iban y que mejor se pusieran de acuerdo con el nuevo gobierno municipal, pues seguramente encontrar\u00edan buen apoyo. \u00a1Qu\u00e9 poca madre!<br>\u00a1Qu\u00e9 barbaridad!<br>deprimera.mano2020@gmail.com<\/p>\n","protected":false},"excerpt":{"rendered":"<p>Omar Z\u00fa\u00f1igaDe Primera Mano Taj\u00edn La estamos pendejeandoGustavo MaderoSenador del PAN La semana pasada se suscit\u00f3 un escandalito de proporciones a\u00fan inimaginables, pues las consecuencias de \u00e9ste no se dar\u00e1n en el corto plazo y revivir\u00e1n en el 2024.VOX, partido ultraconservador espa\u00f1ol que en un lapso de tres semanas ha tenido a M\u00e9xico en la [&hellip;]<\/p>\n","protected":false},"author":2,"featured_media":0,"comment_status":"closed","ping_status":"closed","sticky":false,"template":"","format":"standard","meta":{"_jetpack_newsletter_access":"","_jetpack_dont_email_post_to_subs":false,"_jetpack_newsletter_tier_id":0,"_jetpack_memberships_contains_paywalled_content":false,"_jetpack_memberships_contains_paid_content":false,"footnotes":""},"categories":[70],"tags":[267,1130,1070,28705,266,6398,96],"class_list":["post-79031","post","type-post","status-publish","format-standard","hentry","category-de-opinion","tag-gustavo-madero","tag-julen-rementeria","tag-lorena-pinon","tag-omar-zuniga","tag-pan","tag-ruben-moreira","tag-xalapa"],"jetpack_featured_media_url":"","jetpack_sharing_enabled":true,"jetpack_shortlink":"https:\/\/wp.me\/p4Qcd3-kyH","_links":{"self":[{"href":"https:\/\/lospoliticosveracruz.com.mx\/index.php?rest_route=\/wp\/v2\/posts\/79031","targetHints":{"allow":["GET"]}}],"collection":[{"href":"https:\/\/lospoliticosveracruz.com.mx\/index.php?rest_route=\/wp\/v2\/posts"}],"about":[{"href":"https:\/\/lospoliticosveracruz.com.mx\/index.php?rest_route=\/wp\/v2\/types\/post"}],"author":[{"embeddable":true,"href":"https:\/\/lospoliticosveracruz.com.mx\/index.php?rest_route=\/wp\/v2\/users\/2"}],"replies":[{"embeddable":true,"href":"https:\/\/lospoliticosveracruz.com.mx\/index.php?rest_route=%2Fwp%2Fv2%2Fcomments&post=79031"}],"version-history":[{"count":1,"href":"https:\/\/lospoliticosveracruz.com.mx\/index.php?rest_route=\/wp\/v2\/posts\/79031\/revisions"}],"predecessor-version":[{"id":79033,"href":"https:\/\/lospoliticosveracruz.com.mx\/index.php?rest_route=\/wp\/v2\/posts\/79031\/revisions\/79033"}],"wp:attachment":[{"href":"https:\/\/lospoliticosveracruz.com.mx\/index.php?rest_route=%2Fwp%2Fv2%2Fmedia&parent=79031"}],"wp:term":[{"taxonomy":"category","embeddable":true,"href":"https:\/\/lospoliticosveracruz.com.mx\/index.php?rest_route=%2Fwp%2Fv2%2Fcategories&post=79031"},{"taxonomy":"post_tag","embeddable":true,"href":"https:\/\/lospoliticosveracruz.com.mx\/index.php?rest_route=%2Fwp%2Fv2%2Ftags&post=79031"}],"curies":[{"name":"wp","href":"https:\/\/api.w.org\/{rel}","templated":true}]}}