{"id":79202,"date":"2021-09-09T07:50:31","date_gmt":"2021-09-09T12:50:31","guid":{"rendered":"https:\/\/lospoliticosveracruz.com.mx\/?p=79202"},"modified":"2021-09-09T07:50:34","modified_gmt":"2021-09-09T12:50:34","slug":"la-vacuna-en-mi-pueblo","status":"publish","type":"post","link":"https:\/\/lospoliticosveracruz.com.mx\/?p=79202","title":{"rendered":"La vacuna en mi pueblo"},"content":{"rendered":"\n<p><strong><br>Juan Javier G\u00f3mez Cazar\u00edn<\/strong><\/p>\n\n\n\n<p><em>Parlamento Veracruz<br><\/em><\/p>\n\n\n\n<p>Est\u00e1n vacunando gente en mi pueblo. Pensaban terminar el domingo, pero aumentaron un d\u00eda m\u00e1s debido a la demanda.<\/p>\n\n\n\n<p>Seg\u00fan cifras oficiales, 14 personas de Hueyapan de Ocampo han perdido la vida a causa de la pandemia.<\/p>\n\n\n\n<div class=\"wp-block-image\"><figure class=\"alignleft size-large is-resized\"><a href=\"https:\/\/lospoliticosveracruz.com.mx\/wp-content\/uploads\/2021\/09\/Varadero.jpeg\"><img decoding=\"async\" src=\"https:\/\/lospoliticosveracruz.com.mx\/wp-content\/uploads\/2021\/09\/Varadero-576x1024.jpeg\" alt=\"\" class=\"wp-image-79072\" width=\"250\"\/><\/a><\/figure><\/div>\n\n\n\n<p>Para los que somos del pueblo, no es una cifra abstracta y fr\u00eda de las estad\u00edsticas, sino 14 historias de gente muy querida que parti\u00f3 antes de tiempo, dej\u00e1ndonos la tristeza por su ausencia y el coraje por la muerte que, por prematura, consideramos injusta.<\/p>\n\n\n\n<p>Ya se los he platicado antes: algunas de esas 14 personas eran cercan\u00edsimas a m\u00ed, a las memorias de mi infancia, a mis sue\u00f1os del futuro.<\/p>\n\n\n\n<p>Por eso, los \u00faltimos d\u00edas en Hueyapan de Ocampo han sido una mezcla de emociones, de las que tambi\u00e9n ya les he hablado. Nostalgia por quienes nos fueron arrebatados, pero esperanza por la vacuna que nos brinda una mayor tranquilidad.<\/p>\n\n\n\n<p>Despedirnos de alguien siempre es doloroso, pero es m\u00e1s terrible hacerlo con la pregunta que nos hacemos en la mente y nos da miedo externar: \u00bfqui\u00e9n seguir\u00e1 despu\u00e9s?<\/p>\n\n\n\n<p>La vacuna universal y gratuita para la franja de edad entre 18 y 39 lleg\u00f3 a mi pueblo como un mensaje apaciguador de nervios, de incertidumbre y de ansiedad.<\/p>\n\n\n\n<p>Me alienta saber que las y los j\u00f3venes acudieron sin la timidez de la desconfianza y s\u00ed con la decisi\u00f3n de quien da un paso a la segura.<\/p>\n\n\n\n<p>En el contexto nacional, este lunes nos despertamos con la noticia de que la tendencia de contagios de la tercera ola parece ir francamente a la baja (aunque todav\u00eda estamos lejos de reducirla a niveles de mediados de mayo).<\/p>\n\n\n\n<p>Y con otra noticia: que llegaron m\u00e1s vacunas a M\u00e9xico y que para finales de a\u00f1o se habr\u00e1 vacunado a toda la poblaci\u00f3n adulta del pa\u00eds.<\/p>\n\n\n\n<p>El logro que esto significa para el Gobierno del Presidente Andr\u00e9s Manuel L\u00f3pez Obrador es enorme. Para tenerlo en perspectiva: s\u00f3lo el 28 por ciento de la poblaci\u00f3n mundial est\u00e1 completamente vacunada y la mayor parte de esas personas est\u00e1n en los pa\u00edses ricos. El promedio de \u00c1frica, por ejemplo, es de s\u00f3lo el 3 por ciento.<\/p>\n\n\n\n<p>As\u00ed que la vacunaci\u00f3n gratuita y pareja de mexicanas y mexicanos es un resultado del que podemos sentirnos orgullosos y del que, ahora, mi pueblo forma parte.<\/p>\n\n\n\n<p>*Diputado Local. Presidente de la Junta de Coordinaci\u00f3n Pol\u00edtica del Congreso de Veracruz<\/p>\n","protected":false},"excerpt":{"rendered":"<p>Juan Javier G\u00f3mez Cazar\u00edn Parlamento Veracruz Est\u00e1n vacunando gente en mi pueblo. Pensaban terminar el domingo, pero aumentaron un d\u00eda m\u00e1s debido a la demanda. Seg\u00fan cifras oficiales, 14 personas de Hueyapan de Ocampo han perdido la vida a causa de la pandemia. Para los que somos del pueblo, no es una cifra abstracta y [&hellip;]<\/p>\n","protected":false},"author":2,"featured_media":0,"comment_status":"closed","ping_status":"closed","sticky":false,"template":"","format":"standard","meta":{"_jetpack_newsletter_access":"","_jetpack_dont_email_post_to_subs":false,"_jetpack_newsletter_tier_id":0,"_jetpack_memberships_contains_paywalled_content":false,"_jetpack_memberships_contains_paid_content":false,"footnotes":""},"categories":[70],"tags":[618,11003,12695],"class_list":["post-79202","post","type-post","status-publish","format-standard","hentry","category-de-opinion","tag-andres-manuel-lopez-obrador","tag-hueyapan-de-ocampo","tag-juan-javier-gomez-cazarin"],"jetpack_featured_media_url":"","jetpack_sharing_enabled":true,"jetpack_shortlink":"https:\/\/wp.me\/p4Qcd3-kBs","_links":{"self":[{"href":"https:\/\/lospoliticosveracruz.com.mx\/index.php?rest_route=\/wp\/v2\/posts\/79202","targetHints":{"allow":["GET"]}}],"collection":[{"href":"https:\/\/lospoliticosveracruz.com.mx\/index.php?rest_route=\/wp\/v2\/posts"}],"about":[{"href":"https:\/\/lospoliticosveracruz.com.mx\/index.php?rest_route=\/wp\/v2\/types\/post"}],"author":[{"embeddable":true,"href":"https:\/\/lospoliticosveracruz.com.mx\/index.php?rest_route=\/wp\/v2\/users\/2"}],"replies":[{"embeddable":true,"href":"https:\/\/lospoliticosveracruz.com.mx\/index.php?rest_route=%2Fwp%2Fv2%2Fcomments&post=79202"}],"version-history":[{"count":1,"href":"https:\/\/lospoliticosveracruz.com.mx\/index.php?rest_route=\/wp\/v2\/posts\/79202\/revisions"}],"predecessor-version":[{"id":79205,"href":"https:\/\/lospoliticosveracruz.com.mx\/index.php?rest_route=\/wp\/v2\/posts\/79202\/revisions\/79205"}],"wp:attachment":[{"href":"https:\/\/lospoliticosveracruz.com.mx\/index.php?rest_route=%2Fwp%2Fv2%2Fmedia&parent=79202"}],"wp:term":[{"taxonomy":"category","embeddable":true,"href":"https:\/\/lospoliticosveracruz.com.mx\/index.php?rest_route=%2Fwp%2Fv2%2Fcategories&post=79202"},{"taxonomy":"post_tag","embeddable":true,"href":"https:\/\/lospoliticosveracruz.com.mx\/index.php?rest_route=%2Fwp%2Fv2%2Ftags&post=79202"}],"curies":[{"name":"wp","href":"https:\/\/api.w.org\/{rel}","templated":true}]}}