{"id":79254,"date":"2021-09-10T08:43:37","date_gmt":"2021-09-10T13:43:37","guid":{"rendered":"https:\/\/lospoliticosveracruz.com.mx\/?p=79254"},"modified":"2021-09-10T08:43:41","modified_gmt":"2021-09-10T13:43:41","slug":"esperanza-para-zulma","status":"publish","type":"post","link":"https:\/\/lospoliticosveracruz.com.mx\/?p=79254","title":{"rendered":"Esperanza para Zulma"},"content":{"rendered":"\n<p><strong>Omar Z\u00fa\u00f1iga<\/strong><\/p>\n\n\n\n<p><em>De Primera Mano Taj\u00edn<br><\/em><\/p>\n\n\n\n<p>El mi\u00e9rcoles pasado, tuvimos la oportunidad de platicar en el programa que transmitimos por FB live De Primera Mano a Tiempo, con los se\u00f1ores Zulma y Alejandro, padres de Zulma, menor de 12 a\u00f1os de edad, avecindada en Xalapa y que obtuvo una suspensi\u00f3n de plano en un juicio de amparo, interpuesto para que le aplicaran la vacuna Pfizer Biontech contra el Covid-19, en virtud de que sufre la condici\u00f3n de padecer Diabetes Mellitus Tipo 1 (DT1), que la hace insulino dependiente.<\/p>\n\n\n\n<div class=\"wp-block-image\"><figure class=\"alignleft size-large is-resized\"><a href=\"https:\/\/lospoliticosveracruz.com.mx\/wp-content\/uploads\/2021\/09\/Varadero.jpeg\"><img decoding=\"async\" src=\"https:\/\/lospoliticosveracruz.com.mx\/wp-content\/uploads\/2021\/09\/Varadero-576x1024.jpeg\" alt=\"\" class=\"wp-image-79072\" width=\"250\"\/><\/a><\/figure><\/div>\n\n\n\n<p><br>A pesar de haber obtenido esta suspensi\u00f3n (subrayo, otorgada por un juzgado federal -como todos los amparos- y con car\u00e1cter de mandatorio para las autoridades), el gobierno de Veracruz encabezado por Cuitl\u00e1huac Garc\u00eda se neg\u00f3 a aplicarle la vacuna y su graaaan secretario de Salud -comoquieraquesellame- hizo lo mismo y hasta se burlaron de ellos, y ya encabronado, el g\u00f3ber espet\u00f3 que vali\u00e9ndole madre el amparo, aqu\u00ed en Veracruz s\u00f3lo sus chicharrones truenan y no se iba a vacunar a Zulma y en sus salidas tipo perif\u00e9rico de la CDMX (a lo pendejo) dijo que hasta que el fabricante lo recomendara\u2026 y s\u00ed lo recomienda, y que en Veracruz no hab\u00eda menores fallecidos por Covid-19 y que s\u00ed los hay, de hecho con 29 fallecidos, se encuentra entre las ocho entidades con m\u00e1s menores muertos por el virus SARSCov2.<br>Pero el tema, como era de esperarse trascendi\u00f3 las fronteras jarochas y lleg\u00f3 hasta la ma\u00f1anera\u2026, uuuffff.<br>El presidente Andr\u00e9s Manuel L\u00f3pez Obrador fiel a su costumbre de rechazar y descalificar todo lo que no provenga de su ronco pecho, se atrevi\u00f3 a decir que hab\u00eda gente detr\u00e1s de Zulma, como un compl\u00f3 pues, igual que hizo con los ni\u00f1os con c\u00e1ncer.<br>Y para chingarla de acabar, el Doctor Muerte, alias Hugo L\u00f3pez Gatell, para no contradecir a su jefecito, dijo que vacunar a un menor es quitarle la oportunidad de inocularse a un adulto mayor a 65 a\u00f1os y por eso no lo har\u00edan ni con amparos.<br>Todo esto, no por justo y bien trovado, deja de ser puro cuento\u2026<br>En este tenor, los se\u00f1ores Alejandro y Zulma, papeles en mano, demostraron que su hija Zulma, independientemente del amparo, est\u00e1 dentro de los grupos en riesgo que debe vacunarse de manera prioritaria, al padecer DT1.<br>Entonces, de entrada debieron vacunarla, s\u00ed o s\u00ed.<br>Por otro lado, se defendieron y espetaron al presidente que quien est\u00e1 detr\u00e1s de Zulma SON SUS PADRES, as\u00ed con may\u00fasculas. Ellos est\u00e1n luchando una batalla no solamente por la vida de su hija, sino por cientos o miles de familias con hijos menores con la misma condici\u00f3n de Zulma. No hay ning\u00fan complot como sugiere la mente afiebrada de quien lo asegura.<br>Dentro de todo el show, al final la Secretar\u00eda de Salud opt\u00f3 por mandar a valorar a Zulma al CAEV, que es un \u00a1hospital Covid! Y por supuesto sus pap\u00e1s no la iba a exponer. Falta de empat\u00eda de las autoridades o de materia\u2026 gris.<br>Pues bueno, coincidencia o no, resulta que ayer jueves (luego del programa que transmitimos), se comunicaron con los padres de la menor y le cambiaron la sede de la valoraci\u00f3n, para citarla en el Gast\u00f3n Melo.<br>La se\u00f1ora Zulma tuvo la amabilidad de contestarme y relata brevemente que la valoraci\u00f3n \u00abfue en un centro de Salud con un m\u00ednimo de personas, limpio y se aminor\u00f3 el riesgo a un Hospital Regional Covid\u00bb.<br>\u00abSe dividi\u00f3 en dos partes hoy (jueves 9 de septiembre, la) exploraci\u00f3n f\u00edsica y documental y un par de an\u00e1lisis; la muestra ser\u00e1 ma\u00f1ana (hoy viernes 10 de septiembre)\u00bb.<br>Se muestran esperanzados en que una vez concluidos los an\u00e1lisis y con resultados en mano, Zulma pueda ser vacunada, probablemente la misma semana pr\u00f3xima.<br>Esperemos que as\u00ed sea y no haya necesidad de interponer una denuncia penal contra el Doctor Muerte y quien resulte, por negligencia m\u00e9dica y ante las instancias que resulten necesarias, incluidas las internacionales.<br>\u00a1Gracias por la confianza!<\/p>\n\n\n\n<hr class=\"wp-block-separator\"\/>\n\n\n\n<p>\u00a1Maldita sea con ese pinche Olaf!, pareciera que se escuch\u00f3 en La Paz, BCS, pues al maldito hurac\u00e1n se le ocurri\u00f3 impactar con categor\u00eda 2, la noche del jueves, exactamente por Los Cabos y hasta anoche segu\u00eda rumbo al norte es decir, rumbo a la capital.<br>En virtud de lo anterior, dicen los abogados, las autoridades estatales decidieron por lo sano y anunciaron la suspensi\u00f3n de toda actividad gubernamental y escolar en Los Cabos y La Paz, medida que podr\u00eda extenderse de acuerdo a la evoluci\u00f3n del meteoro.<br>Todo esto viene a cuento por que hoy precisamente es el cambio de gobierno en qe habr\u00e1 de asumir V\u00edctor Manuel Castro Cos\u00edo, y hasta la madrugada de hoy a eso de las 00:30 horas no hab\u00eda cambio. Aunque la invitaci\u00f3n p\u00fablica es virtual \u00abpor las medidas de restricci\u00f3n sanitarias\u00bb, los invitados especiales segu\u00edan en pie para que a las 11:00 horas en punto hora local se den cita en el Congreso del Estado m\u00e1s de 80 personas que habr\u00e1n de asistir<br>al \u00e1gape, entre ellos el flamante secretario de Gobernaci\u00f3n (a quien por cierto se le agu\u00f3 el finde, pues arre\u00f3 con esposa e hijos), Ad\u00e1n Augusto L\u00f3pez en representaci\u00f3n del presidente; el senador Ricardo Monreal, Napito y el distinguido secretario de Gobierno Eric Cisneros por Veracruz.<br>Pues a ver qu\u00e9 pasa, porque el nuevo gobierno sudcaliforniano de Olaf no dijo ni p\u00edo.<\/p>\n\n\n\n<p>\u00a1Qu\u00e9 barbaridad!<br>deprimera.mano2020@gmail.com<\/p>\n","protected":false},"excerpt":{"rendered":"<p>Omar Z\u00fa\u00f1iga De Primera Mano Taj\u00edn El mi\u00e9rcoles pasado, tuvimos la oportunidad de platicar en el programa que transmitimos por FB live De Primera Mano a Tiempo, con los se\u00f1ores Zulma y Alejandro, padres de Zulma, menor de 12 a\u00f1os de edad, avecindada en Xalapa y que obtuvo una suspensi\u00f3n de plano en un juicio [&hellip;]<\/p>\n","protected":false},"author":2,"featured_media":0,"comment_status":"closed","ping_status":"closed","sticky":false,"template":"","format":"standard","meta":{"_jetpack_newsletter_access":"","_jetpack_dont_email_post_to_subs":false,"_jetpack_newsletter_tier_id":0,"_jetpack_memberships_contains_paywalled_content":false,"_jetpack_memberships_contains_paid_content":false,"footnotes":""},"categories":[70],"tags":[618,3739,1563,30326,30327,16671,30328,28705,30323,30325],"class_list":["post-79254","post","type-post","status-publish","format-standard","hentry","category-de-opinion","tag-andres-manuel-lopez-obrador","tag-caev","tag-cuitlahuac-garcia-jimenez","tag-doctor-muerte","tag-gaston-melo","tag-hugo-lopez-gatell","tag-olaf","tag-omar-zuniga","tag-padres-de-zulma","tag-sarscov2"],"jetpack_featured_media_url":"","jetpack_sharing_enabled":true,"jetpack_shortlink":"https:\/\/wp.me\/p4Qcd3-kCi","_links":{"self":[{"href":"https:\/\/lospoliticosveracruz.com.mx\/index.php?rest_route=\/wp\/v2\/posts\/79254","targetHints":{"allow":["GET"]}}],"collection":[{"href":"https:\/\/lospoliticosveracruz.com.mx\/index.php?rest_route=\/wp\/v2\/posts"}],"about":[{"href":"https:\/\/lospoliticosveracruz.com.mx\/index.php?rest_route=\/wp\/v2\/types\/post"}],"author":[{"embeddable":true,"href":"https:\/\/lospoliticosveracruz.com.mx\/index.php?rest_route=\/wp\/v2\/users\/2"}],"replies":[{"embeddable":true,"href":"https:\/\/lospoliticosveracruz.com.mx\/index.php?rest_route=%2Fwp%2Fv2%2Fcomments&post=79254"}],"version-history":[{"count":1,"href":"https:\/\/lospoliticosveracruz.com.mx\/index.php?rest_route=\/wp\/v2\/posts\/79254\/revisions"}],"predecessor-version":[{"id":79256,"href":"https:\/\/lospoliticosveracruz.com.mx\/index.php?rest_route=\/wp\/v2\/posts\/79254\/revisions\/79256"}],"wp:attachment":[{"href":"https:\/\/lospoliticosveracruz.com.mx\/index.php?rest_route=%2Fwp%2Fv2%2Fmedia&parent=79254"}],"wp:term":[{"taxonomy":"category","embeddable":true,"href":"https:\/\/lospoliticosveracruz.com.mx\/index.php?rest_route=%2Fwp%2Fv2%2Fcategories&post=79254"},{"taxonomy":"post_tag","embeddable":true,"href":"https:\/\/lospoliticosveracruz.com.mx\/index.php?rest_route=%2Fwp%2Fv2%2Ftags&post=79254"}],"curies":[{"name":"wp","href":"https:\/\/api.w.org\/{rel}","templated":true}]}}