{"id":79257,"date":"2021-09-10T10:30:48","date_gmt":"2021-09-10T15:30:48","guid":{"rendered":"https:\/\/lospoliticosveracruz.com.mx\/?p=79257"},"modified":"2021-09-10T10:30:51","modified_gmt":"2021-09-10T15:30:51","slug":"recuperaremos-juntos-los-programas-sociales-anilu","status":"publish","type":"post","link":"https:\/\/lospoliticosveracruz.com.mx\/?p=79257","title":{"rendered":"Recuperaremos, juntos, los programas sociales: Anil\u00fa"},"content":{"rendered":"\n<p><\/p>\n\n\n\n<p><strong>Ciudad de M\u00e9xico<\/strong><\/p>\n\n\n\n<p>Anil\u00fa Ingram Vallines, coordinadora estatal del Programa Recupera, del Partido Revolucionario Institucional (PRI), se reuni\u00f3 este jueves con diputados federales para que, ahora que se recibi\u00f3 el proyecto de presupuesto 2022 de la Federaci\u00f3n, se puedan volver a presupuestar los programas que Morena desapareci\u00f3.&nbsp;<\/p>\n\n\n\n<div class=\"wp-block-image\"><figure class=\"alignleft size-large is-resized\"><a href=\"https:\/\/lospoliticosveracruz.com.mx\/wp-content\/uploads\/2021\/09\/Varadero.jpeg\"><img decoding=\"async\" src=\"https:\/\/lospoliticosveracruz.com.mx\/wp-content\/uploads\/2021\/09\/Varadero-576x1024.jpeg\" alt=\"\" class=\"wp-image-79072\" width=\"250\"\/><\/a><\/figure><\/div>\n\n\n\n<p>Durante el encuentro celebrado en San L\u00e1zaro, la ex legisladora porte\u00f1a subray\u00f3 la necesidad de hacer m\u00e1s eficiente el gasto social para atender, integralmente, a los m\u00e1s vulnerables, en rubros como salud, educaci\u00f3n y combate a la pobreza; entre sus reuniones destac\u00f3 la que sostuvo con Rub\u00e9n Moreira quien es el presidente de la Junta de Coordinaci\u00f3n Politica.&nbsp;<\/p>\n\n\n\n<p>\u201cVamos a recuperar, juntos, los programas como Prospera y Estancias Infantiles. Porque Veracruz necesita de todos\u201d, abund\u00f3 tras solicitarles, entre otros puntos, etiquetar en el Anexo 13 Ramo 20, un programa para jefas de familia en condici\u00f3n de vulnerabilidad.&nbsp;<\/p>\n\n\n\n<p>Ingram Vallines habl\u00f3 de esta urgencia con los diputados federales priistas Jos\u00e9 Francisco Yunes Zorrilla, Lorena Pi\u00f1\u00f3n Rivera, Frinn\u00e9 Azuara Yarz\u00e1bal, Brasil Alberto Acosta Pe\u00f1a, Paloma S\u00e1nchez y Ricardo Aguilar, con quienes coincidi\u00f3 en que la desaparici\u00f3n de Prospera y de las Estancias Infantiles ha provocado m\u00e1s desigualdad pues, tan solo en Veracruz, 4.1 millones de veracruzanos dejaron de recibir casi 10 mil millones de pesos.&nbsp;<\/p>\n\n\n\n<p>Como Coordinadora Estatal de Recupera -se\u00f1al\u00f3-, hoy busco este primer acercamiento con ustedes, a fin de que podamos devolver los programas sociales que este gobierno les ha arrebatado a los sectores sociales m\u00e1s vulnerables.&nbsp;<\/p>\n\n\n\n<p>&nbsp;\u201cLas y los nuevos diputados federales son una pieza fundamental para recuperar a Veracruz, pues son ellos quienes pueden ayudarnos a presupuestar de nueva cuenta los recursos para esos programas prioritarios, que atend\u00edan a las familias, que impulsan la equidad de g\u00e9nero y la cooperaci\u00f3n comunitaria\u201d, finaliz\u00f3 Anil\u00fa Ingram.<\/p>\n","protected":false},"excerpt":{"rendered":"<p>Ciudad de M\u00e9xico Anil\u00fa Ingram Vallines, coordinadora estatal del Programa Recupera, del Partido Revolucionario Institucional (PRI), se reuni\u00f3 este jueves con diputados federales para que, ahora que se recibi\u00f3 el proyecto de presupuesto 2022 de la Federaci\u00f3n, se puedan volver a presupuestar los programas que Morena desapareci\u00f3.&nbsp; Durante el encuentro celebrado en San L\u00e1zaro, la [&hellip;]<\/p>\n","protected":false},"author":2,"featured_media":0,"comment_status":"closed","ping_status":"closed","sticky":false,"template":"","format":"standard","meta":{"_jetpack_newsletter_access":"","_jetpack_dont_email_post_to_subs":false,"_jetpack_newsletter_tier_id":0,"_jetpack_memberships_contains_paywalled_content":false,"_jetpack_memberships_contains_paid_content":false,"footnotes":""},"categories":[73],"tags":[1872,792,30332,251,6398,195],"class_list":["post-79257","post","type-post","status-publish","format-standard","hentry","category-de-boleto","tag-anilu-ingram-vallines","tag-diputados-federales","tag-paloma-sanchez","tag-pri","tag-ruben-moreira","tag-veracruz"],"jetpack_featured_media_url":"","jetpack_sharing_enabled":true,"jetpack_shortlink":"https:\/\/wp.me\/p4Qcd3-kCl","_links":{"self":[{"href":"https:\/\/lospoliticosveracruz.com.mx\/index.php?rest_route=\/wp\/v2\/posts\/79257","targetHints":{"allow":["GET"]}}],"collection":[{"href":"https:\/\/lospoliticosveracruz.com.mx\/index.php?rest_route=\/wp\/v2\/posts"}],"about":[{"href":"https:\/\/lospoliticosveracruz.com.mx\/index.php?rest_route=\/wp\/v2\/types\/post"}],"author":[{"embeddable":true,"href":"https:\/\/lospoliticosveracruz.com.mx\/index.php?rest_route=\/wp\/v2\/users\/2"}],"replies":[{"embeddable":true,"href":"https:\/\/lospoliticosveracruz.com.mx\/index.php?rest_route=%2Fwp%2Fv2%2Fcomments&post=79257"}],"version-history":[{"count":1,"href":"https:\/\/lospoliticosveracruz.com.mx\/index.php?rest_route=\/wp\/v2\/posts\/79257\/revisions"}],"predecessor-version":[{"id":79259,"href":"https:\/\/lospoliticosveracruz.com.mx\/index.php?rest_route=\/wp\/v2\/posts\/79257\/revisions\/79259"}],"wp:attachment":[{"href":"https:\/\/lospoliticosveracruz.com.mx\/index.php?rest_route=%2Fwp%2Fv2%2Fmedia&parent=79257"}],"wp:term":[{"taxonomy":"category","embeddable":true,"href":"https:\/\/lospoliticosveracruz.com.mx\/index.php?rest_route=%2Fwp%2Fv2%2Fcategories&post=79257"},{"taxonomy":"post_tag","embeddable":true,"href":"https:\/\/lospoliticosveracruz.com.mx\/index.php?rest_route=%2Fwp%2Fv2%2Ftags&post=79257"}],"curies":[{"name":"wp","href":"https:\/\/api.w.org\/{rel}","templated":true}]}}