{"id":79278,"date":"2021-09-10T14:15:46","date_gmt":"2021-09-10T19:15:46","guid":{"rendered":"https:\/\/lospoliticosveracruz.com.mx\/?p=79278"},"modified":"2021-09-10T14:17:46","modified_gmt":"2021-09-10T19:17:46","slug":"ven-a-la-clinica-de-mama","status":"publish","type":"post","link":"https:\/\/lospoliticosveracruz.com.mx\/?p=79278","title":{"rendered":"Ven a la Cl\u00ednica de Mama!"},"content":{"rendered":"\n<p><\/p>\n\n\n\n<p><strong>Veracruz<\/strong><br>El Instituto Mexicano del Seguro Social (IMSS) en Veracruz Norte invita a mujeres derechohabientes entre los 40 a 69 a\u00f1os a que acudan a la Cl\u00ednica de Mama, a fin de realizarse una mastograf\u00eda de detecci\u00f3n oportuna.<\/p>\n\n\n\n<div class=\"wp-block-image\"><figure class=\"alignleft size-large is-resized\"><a href=\"https:\/\/lospoliticosveracruz.com.mx\/wp-content\/uploads\/2021\/09\/Varadero.jpeg\"><img decoding=\"async\" src=\"https:\/\/lospoliticosveracruz.com.mx\/wp-content\/uploads\/2021\/09\/Varadero-576x1024.jpeg\" alt=\"\" class=\"wp-image-79072\" width=\"250\"\/><\/a><\/figure><\/div>\n\n\n\n<p><br>En este sentido, la directora de la Unidad de Detecci\u00f3n y Diagn\u00f3stico del C\u00e1ncer de Mama (UDDCM) en Veracruz Norte, Mar\u00eda Candelaria Guzm\u00e1n Hern\u00e1ndez explic\u00f3 que esta cl\u00ednica cuenta con infraestructura, equipo y personal exclusivo para la detecci\u00f3n oportuna por mastograf\u00eda, as\u00ed como para la evaluaci\u00f3n diagn\u00f3stica a pacientes con s\u00edntomas.<br>Es decir, en dicha cl\u00ednica se realiza la detecci\u00f3n oportuna y diagn\u00f3stico en un \u201cacto \u00fanico\u201d, que consiste en que la paciente puede realizarse la mastograf\u00eda con resultados inmediatos, logrando detectar si requiere un ultrasonido, que tambi\u00e9n es posible realizar el mismo d\u00eda en dicha cl\u00ednica, expres\u00f3 la doctora Guzm\u00e1n Hern\u00e1ndez.<br>Adem\u00e1s de determinar si la paciente es candidata a una biopsia, la unidad cuenta con una sala de mastograf\u00eda con estereotaxia, donde en menos de una hora y con sedaci\u00f3n local, se toma la muestra de la biopsia de la mama de manera computarizada, lo que acelera el proceso de forma significativa, afirm\u00f3 la directora de UDDCM.<br>Cabe destacar que la mastograf\u00eda de detecci\u00f3n oportuna est\u00e1 indicada en mujeres que no tienen ning\u00fan s\u00edntoma, enfatizando que, a mayor edad mayor factor de riesgo de padecer c\u00e1ncer de mama.<br>Es decir, este estudio est\u00e1 dirigido a mujeres arriba de los 40 a\u00f1os, con antecedentes de quistes o abultamientos en la mama, al igual que familiares directos que hayan padecido c\u00e1ncer de mama, como abuela, madre, hermana o t\u00eda.<br>De igual manera, mujeres sin hijos o que tuvieron el primero despu\u00e9s de los 30 a\u00f1os; que padecen sobrepeso, obesidad, que consumen tabaco, grasas saturadas o alcohol, pues todos ellos son factores de riesgo, mencion\u00f3 la especialista.<br>Por otro lado, quienes tienen signos y s\u00edntomas de alarma como: bulto en la mama, sangrado o secreci\u00f3n inusual por el pez\u00f3n, retracci\u00f3n, descamaci\u00f3n, cambio de color en la areola, hundimiento o aplastamiento de la mama, cambios en la textura de la piel del seno o asimetr\u00eda marcada entre las mamas, deben acudir a su Unidad de Medicina Familiar (UMF) para valoraci\u00f3n m\u00e9dica.<br>Para finalizar, la doctora Mar\u00eda Candelaria Guzm\u00e1n Hern\u00e1ndez hizo un llamado a las mujeres derechohabientes a que se comuniquen al tel\u00e9fono 229 934 4697 o escriban al correo electr\u00f3nico citasmastografia.vnte@imss.gob.mx, a fin de agendar su mastograf\u00eda en la cl\u00ednica de mama que se ubica en Cuauht\u00e9moc esquina Raz y Guzm\u00e1n, de la ciudad de Veracruz.<br>Los requisitos son ser derechohabiente IMSS, estar dentro del rango de edad mencionada y no haberse realizado la mastograf\u00eda en los \u00faltimos dos a\u00f1os.<\/p>\n","protected":false},"excerpt":{"rendered":"<p>VeracruzEl Instituto Mexicano del Seguro Social (IMSS) en Veracruz Norte invita a mujeres derechohabientes entre los 40 a 69 a\u00f1os a que acudan a la Cl\u00ednica de Mama, a fin de realizarse una mastograf\u00eda de detecci\u00f3n oportuna. En este sentido, la directora de la Unidad de Detecci\u00f3n y Diagn\u00f3stico del C\u00e1ncer de Mama (UDDCM) en [&hellip;]<\/p>\n","protected":false},"author":2,"featured_media":0,"comment_status":"closed","ping_status":"closed","sticky":false,"template":"","format":"standard","meta":{"_jetpack_newsletter_access":"","_jetpack_dont_email_post_to_subs":false,"_jetpack_newsletter_tier_id":0,"_jetpack_memberships_contains_paywalled_content":false,"_jetpack_memberships_contains_paid_content":false,"footnotes":""},"categories":[73],"tags":[1208,30349,15526,22209,11159],"class_list":["post-79278","post","type-post","status-publish","format-standard","hentry","category-de-boleto","tag-imss","tag-maria-candelaria-guzman-hernandez","tag-mastografia","tag-uddcm","tag-veracruz-norte"],"jetpack_featured_media_url":"","jetpack_sharing_enabled":true,"jetpack_shortlink":"https:\/\/wp.me\/p4Qcd3-kCG","_links":{"self":[{"href":"https:\/\/lospoliticosveracruz.com.mx\/index.php?rest_route=\/wp\/v2\/posts\/79278","targetHints":{"allow":["GET"]}}],"collection":[{"href":"https:\/\/lospoliticosveracruz.com.mx\/index.php?rest_route=\/wp\/v2\/posts"}],"about":[{"href":"https:\/\/lospoliticosveracruz.com.mx\/index.php?rest_route=\/wp\/v2\/types\/post"}],"author":[{"embeddable":true,"href":"https:\/\/lospoliticosveracruz.com.mx\/index.php?rest_route=\/wp\/v2\/users\/2"}],"replies":[{"embeddable":true,"href":"https:\/\/lospoliticosveracruz.com.mx\/index.php?rest_route=%2Fwp%2Fv2%2Fcomments&post=79278"}],"version-history":[{"count":2,"href":"https:\/\/lospoliticosveracruz.com.mx\/index.php?rest_route=\/wp\/v2\/posts\/79278\/revisions"}],"predecessor-version":[{"id":79281,"href":"https:\/\/lospoliticosveracruz.com.mx\/index.php?rest_route=\/wp\/v2\/posts\/79278\/revisions\/79281"}],"wp:attachment":[{"href":"https:\/\/lospoliticosveracruz.com.mx\/index.php?rest_route=%2Fwp%2Fv2%2Fmedia&parent=79278"}],"wp:term":[{"taxonomy":"category","embeddable":true,"href":"https:\/\/lospoliticosveracruz.com.mx\/index.php?rest_route=%2Fwp%2Fv2%2Fcategories&post=79278"},{"taxonomy":"post_tag","embeddable":true,"href":"https:\/\/lospoliticosveracruz.com.mx\/index.php?rest_route=%2Fwp%2Fv2%2Ftags&post=79278"}],"curies":[{"name":"wp","href":"https:\/\/api.w.org\/{rel}","templated":true}]}}