{"id":79282,"date":"2021-09-10T14:26:04","date_gmt":"2021-09-10T19:26:04","guid":{"rendered":"https:\/\/lospoliticosveracruz.com.mx\/?p=79282"},"modified":"2021-09-10T14:26:08","modified_gmt":"2021-09-10T19:26:08","slug":"covid-dolor-de-muela","status":"publish","type":"post","link":"https:\/\/lospoliticosveracruz.com.mx\/?p=79282","title":{"rendered":"Covid, dolor de muela!"},"content":{"rendered":"\n<p><\/p>\n\n\n\n<p><strong>Xalapa<\/strong><br>Por la pandemia el coronavirus, cirujanos dentistas han registrado contagios, tan solo en la regi\u00f3n de C\u00f3rdoba y Orizaba, entre 10 y 15 casos, inform\u00f3 el presidente de la Federaci\u00f3n Golfo-Centro, filial al Colegio Nacional de Cirujanos Dentistas, David Roberto Rodr\u00edguez Castillo<br>Apenas la semana pasada concluy\u00f3 la vacunaci\u00f3n contra COVID-19 a odont\u00f3logos de Veracruz.<br>Subray\u00f3 el alto riesgo de la atenci\u00f3n a la salud bucal por el contacto directo con la salivaci\u00f3n de los pacientes.<br>\u00abTrabajamos a 20 cent\u00edmetros de la boca de un paciente, por eso ped\u00edamos la vacunaci\u00f3n. Aqu\u00ed se dio la ventaja de que el doctor estuvo gestionando la vacunaci\u00f3n en el estado de Veracruz a odont\u00f3logos e histomat\u00f3logos j\u00f3venes\u00bb.<br>Precisaron que si bien, se vacunaron por edad, los m\u00e1s j\u00f3venes estuvieron expuesto a contagios del virus SARS-CoV-2 y murieron. En Puebla se registraron m\u00e1s de 10 casos y en Veracruz, tan s\u00f3lo en la regi\u00f3n de C\u00f3rdoba y Orizaba entre 10 y 15.<br>\u00abEn Puebla no nos quisieron apoyar con esas gesti\u00f3n, nos dijeron que era por edades. Me enter\u00e9 de compa\u00f1eros que fallecieron por el COVID, gente joven, de 30 a\u00f1os\u00bb.<br>Recordaron que al inicio de la pandemia del coronavirus, la actividad de los dentistas disminy\u00f3 hasta en un 30 por ciento en estado como Puebla y actualmente se ha recuperado, aunque de manera general se han adaptado con medidas sanitarias para disminuir los riesgos de contagios a pacientes y los propios cirujanos dentistas sustituyendo el uso de instrumentos rotatorios como el taladro por soluciones qu\u00edmicas para atender la caries y se evita la atenci\u00f3n presencial a menores de edad por no estar vacunados.<br>Este viernes anunciaron que crear\u00e1n el Colegio de Cirujanos Dentistas en Xalapa con el fin de actualizar profesionalmente al gremio.<\/p>\n","protected":false},"excerpt":{"rendered":"<p>XalapaPor la pandemia el coronavirus, cirujanos dentistas han registrado contagios, tan solo en la regi\u00f3n de C\u00f3rdoba y Orizaba, entre 10 y 15 casos, inform\u00f3 el presidente de la Federaci\u00f3n Golfo-Centro, filial al Colegio Nacional de Cirujanos Dentistas, David Roberto Rodr\u00edguez CastilloApenas la semana pasada concluy\u00f3 la vacunaci\u00f3n contra COVID-19 a odont\u00f3logos de Veracruz.Subray\u00f3 el [&hellip;]<\/p>\n","protected":false},"author":2,"featured_media":0,"comment_status":"closed","ping_status":"closed","sticky":false,"template":"","format":"standard","meta":{"_jetpack_newsletter_access":"","_jetpack_dont_email_post_to_subs":false,"_jetpack_newsletter_tier_id":0,"_jetpack_memberships_contains_paywalled_content":false,"_jetpack_memberships_contains_paid_content":false,"footnotes":""},"categories":[6446],"tags":[30351,26577,30352,30350,30353,30354,19347],"class_list":["post-79282","post","type-post","status-publish","format-standard","hentry","category-la-nota","tag-cirujanos-dentistas","tag-covid-19-2","tag-david-roberto-rodriguez-castillo","tag-federacion-golfo-centro","tag-odontologos","tag-salud-bucal","tag-vacunacion"],"jetpack_featured_media_url":"","jetpack_sharing_enabled":true,"jetpack_shortlink":"https:\/\/wp.me\/p4Qcd3-kCK","_links":{"self":[{"href":"https:\/\/lospoliticosveracruz.com.mx\/index.php?rest_route=\/wp\/v2\/posts\/79282","targetHints":{"allow":["GET"]}}],"collection":[{"href":"https:\/\/lospoliticosveracruz.com.mx\/index.php?rest_route=\/wp\/v2\/posts"}],"about":[{"href":"https:\/\/lospoliticosveracruz.com.mx\/index.php?rest_route=\/wp\/v2\/types\/post"}],"author":[{"embeddable":true,"href":"https:\/\/lospoliticosveracruz.com.mx\/index.php?rest_route=\/wp\/v2\/users\/2"}],"replies":[{"embeddable":true,"href":"https:\/\/lospoliticosveracruz.com.mx\/index.php?rest_route=%2Fwp%2Fv2%2Fcomments&post=79282"}],"version-history":[{"count":1,"href":"https:\/\/lospoliticosveracruz.com.mx\/index.php?rest_route=\/wp\/v2\/posts\/79282\/revisions"}],"predecessor-version":[{"id":79284,"href":"https:\/\/lospoliticosveracruz.com.mx\/index.php?rest_route=\/wp\/v2\/posts\/79282\/revisions\/79284"}],"wp:attachment":[{"href":"https:\/\/lospoliticosveracruz.com.mx\/index.php?rest_route=%2Fwp%2Fv2%2Fmedia&parent=79282"}],"wp:term":[{"taxonomy":"category","embeddable":true,"href":"https:\/\/lospoliticosveracruz.com.mx\/index.php?rest_route=%2Fwp%2Fv2%2Fcategories&post=79282"},{"taxonomy":"post_tag","embeddable":true,"href":"https:\/\/lospoliticosveracruz.com.mx\/index.php?rest_route=%2Fwp%2Fv2%2Ftags&post=79282"}],"curies":[{"name":"wp","href":"https:\/\/api.w.org\/{rel}","templated":true}]}}