{"id":79285,"date":"2021-09-10T14:32:37","date_gmt":"2021-09-10T19:32:37","guid":{"rendered":"https:\/\/lospoliticosveracruz.com.mx\/?p=79285"},"modified":"2021-09-10T14:32:40","modified_gmt":"2021-09-10T19:32:40","slug":"van-por-61-mil-dosis","status":"publish","type":"post","link":"https:\/\/lospoliticosveracruz.com.mx\/?p=79285","title":{"rendered":"Van por 61 mil dosis!"},"content":{"rendered":"\n<p><\/p>\n\n\n\n<p><\/p>\n\n\n\n<p><strong>C\u00f3rdoba<\/strong><br>Con una amplia participaci\u00f3n, este viernes inici\u00f3 la jornada de vacunaci\u00f3n contra la COVID19 en C\u00f3rdoba, con la meta de aplicar m\u00e1s de 61 mil dosis a personas en grupos de edades de 18 a 29 a\u00f1os, de 40 a 49 a\u00f1os, as\u00ed como mujeres embarazadas, adultos mayores y personas que no pudieron acudir a sus respectivas jornadas.<\/p>\n\n\n\n<div class=\"wp-block-image\"><figure class=\"alignleft size-large is-resized\"><a href=\"https:\/\/lospoliticosveracruz.com.mx\/wp-content\/uploads\/2021\/09\/Varadero.jpeg\"><img decoding=\"async\" src=\"https:\/\/lospoliticosveracruz.com.mx\/wp-content\/uploads\/2021\/09\/Varadero-576x1024.jpeg\" alt=\"\" class=\"wp-image-79072\" width=\"250\"\/><\/a><\/figure><\/div>\n\n\n\n<p>Monserrat Cuenca Villegas, directora del Sistema DIF municipal, inform\u00f3 que esta jornada es para personas de C\u00f3rdoba y se llevar\u00e1 a cabo desde este viernes 10 y hasta el lunes 13 de septiembre, en la sede del complejo deportivo El Mexicano, con un horario de atenci\u00f3n de 8 a 18 horas.<\/p>\n\n\n\n<p>Indic\u00f3 que durante la jornada se aplicar\u00e1 el biol\u00f3gico AstraZeneca. Destac\u00f3 que las autoridades de salud cuentan con suficientes vacunas, por lo que no es necesario pernoctar en la sede para asegurar la inoculaci\u00f3n. Convoc\u00f3 a las y los asistentes a aplicar con rigor los protocolos sanitarios y las medidas preventivas.<\/p>\n\n\n\n<p>Israel Alejandro Lara Guti\u00e9rrez, titular de la Jefatura de Salud del Ayuntamiento de C\u00f3rdoba, llam\u00f3 a las personas que acudan a vacunarse a no suspender tratamientos m\u00e9dicos o alimentos.<\/p>\n\n\n\n<p>Los servidores p\u00fablicos municipales indicaron que durante esta jornada se contar\u00e1 con c\u00e9lulas de vacunaci\u00f3n en la sede para la atenci\u00f3n de personas adultas mayores. Precisaron que tambi\u00e9n se vacunar\u00e1n a mujeres embarazadas, mayores de 18 a\u00f1os, que tengan m\u00e1s de nueve semanas de gestaci\u00f3n.<\/p>\n\n\n\n<p>Se\u00f1alaron que durante la jornada adem\u00e1s pueden acudir personas mayores de edad que por alguna raz\u00f3n no pudieron vacunarse en su respectiva jornada, y deban recibir su primera dosis.<\/p>\n\n\n\n<p>Lara Guti\u00e9rrez record\u00f3 que es necesario que las personas que requieran vacunarse se registren en la plataforma mivacuna.salud.gob.mx y lleven su identificaci\u00f3n oficial, copia de la CURP y comprobante de domicilio.<\/p>\n\n\n\n<p>El titular de Salud municipal alert\u00f3 que a\u00fan despu\u00e9s de vacunarse, se deber\u00e1 continuar aplicando las medidas sanitarias universales a fin de reducir los riesgos de transmisi\u00f3n y contagio por SARS-CoV-2.<\/p>\n","protected":false},"excerpt":{"rendered":"<p>C\u00f3rdobaCon una amplia participaci\u00f3n, este viernes inici\u00f3 la jornada de vacunaci\u00f3n contra la COVID19 en C\u00f3rdoba, con la meta de aplicar m\u00e1s de 61 mil dosis a personas en grupos de edades de 18 a 29 a\u00f1os, de 40 a 49 a\u00f1os, as\u00ed como mujeres embarazadas, adultos mayores y personas que no pudieron acudir a [&hellip;]<\/p>\n","protected":false},"author":2,"featured_media":0,"comment_status":"closed","ping_status":"closed","sticky":false,"template":"","format":"standard","meta":{"_jetpack_newsletter_access":"","_jetpack_dont_email_post_to_subs":false,"_jetpack_newsletter_tier_id":0,"_jetpack_memberships_contains_paywalled_content":false,"_jetpack_memberships_contains_paid_content":false,"footnotes":""},"categories":[73],"tags":[751,19057,26968,7641,26664],"class_list":["post-79285","post","type-post","status-publish","format-standard","hentry","category-de-boleto","tag-cordoba","tag-covid19","tag-jornada-de-vacunacion","tag-leticia-lopez-landero","tag-monserrat-cuenca-villegas"],"jetpack_featured_media_url":"","jetpack_sharing_enabled":true,"jetpack_shortlink":"https:\/\/wp.me\/p4Qcd3-kCN","_links":{"self":[{"href":"https:\/\/lospoliticosveracruz.com.mx\/index.php?rest_route=\/wp\/v2\/posts\/79285","targetHints":{"allow":["GET"]}}],"collection":[{"href":"https:\/\/lospoliticosveracruz.com.mx\/index.php?rest_route=\/wp\/v2\/posts"}],"about":[{"href":"https:\/\/lospoliticosveracruz.com.mx\/index.php?rest_route=\/wp\/v2\/types\/post"}],"author":[{"embeddable":true,"href":"https:\/\/lospoliticosveracruz.com.mx\/index.php?rest_route=\/wp\/v2\/users\/2"}],"replies":[{"embeddable":true,"href":"https:\/\/lospoliticosveracruz.com.mx\/index.php?rest_route=%2Fwp%2Fv2%2Fcomments&post=79285"}],"version-history":[{"count":1,"href":"https:\/\/lospoliticosveracruz.com.mx\/index.php?rest_route=\/wp\/v2\/posts\/79285\/revisions"}],"predecessor-version":[{"id":79287,"href":"https:\/\/lospoliticosveracruz.com.mx\/index.php?rest_route=\/wp\/v2\/posts\/79285\/revisions\/79287"}],"wp:attachment":[{"href":"https:\/\/lospoliticosveracruz.com.mx\/index.php?rest_route=%2Fwp%2Fv2%2Fmedia&parent=79285"}],"wp:term":[{"taxonomy":"category","embeddable":true,"href":"https:\/\/lospoliticosveracruz.com.mx\/index.php?rest_route=%2Fwp%2Fv2%2Fcategories&post=79285"},{"taxonomy":"post_tag","embeddable":true,"href":"https:\/\/lospoliticosveracruz.com.mx\/index.php?rest_route=%2Fwp%2Fv2%2Ftags&post=79285"}],"curies":[{"name":"wp","href":"https:\/\/api.w.org\/{rel}","templated":true}]}}