{"id":7931,"date":"2010-03-07T21:25:00","date_gmt":"2010-03-07T21:25:00","guid":{"rendered":"http:\/\/www.lospoliticosveracruz.com.mx\/?p=7931"},"modified":"2014-10-09T03:44:29","modified_gmt":"2014-10-09T03:44:29","slug":"el-enemigo-interno-de-tio-fide","status":"publish","type":"post","link":"https:\/\/lospoliticosveracruz.com.mx\/?p=7931","title":{"rendered":"El enemigo interno de T\u00edo Fide"},"content":{"rendered":"<p><strong>Salvador Mu\u00f1oz<\/strong><br \/><em>Los Pol\u00edticos<\/em><\/p>\n<p>Estoy seguro que este 2010 habremos de vivir las elecciones m\u00e1s caras en la historia de Veracruz.<br \/>Si muchos aseguran que el gobierno estatal habr\u00e1 de invertir mucho dinero para sacar adelante la elecci\u00f3n de su candidato a Gobernador, por supuesto que el Gobierno federal ha de hacer lo mismo.<br \/>La raz\u00f3n es sencilla: Veracruz ocupa el tercer lugar en fuerza electoral despu\u00e9s del Estado de M\u00e9xico y el Distrito Federal.<br \/>El primero, en manos de un priista; el segundo, en manos del PRD, as\u00ed que, en este a\u00f1o, el Gobierno federal est\u00e1 en la antesala de tener un basti\u00f3n electoral suficientemente fuerte para hacer frente a sus dos m\u00e1ximos opositores o contrincantes rumbo al 2012.<br \/>Por eso el inter\u00e9s de vencer al PRI de Veracruz en estas elecciones.<br \/>Se supone que, a ojo de buen cubero, el estado cuenta con unos cinco millones de potenciales votos aunque en realidad resuman menos de la mitad del calculado de acuerdo a la pasada elecci\u00f3n a Gobernador\u2026<br \/>Tratar de entender por qu\u00e9 el Gobierno federal (que no el PAN) apost\u00f3 por Yunes Linares para contender contra el PRI, resulta dif\u00edcil.<br \/>Similar cuesti\u00f3n a nivel estatal se hace uno: tratar de entender por qu\u00e9 el Gobierno estatal (que no el PRI) apuesta por Javier Duarte de Ochoa, resulta dif\u00edcil.<br \/>Y no porque sean malos candidatos\u2026 sino por sus antecedentes.<br \/>Yunes Linares no sabe lo que es ganar una elecci\u00f3n. Javier Duarte, pol\u00edtico de nuevo cu\u00f1o, que apenas sabe lo que es ganar una contienda electoral (y contra Carlos Hermosillo no es m\u00e9rito), no lo hace el \u201csuperpol\u00edtico\u201d. Mis priistas arrastrados, de tapete, lambiscones, lamezuelas, se enga\u00f1an y enga\u00f1an a Duarte.<br \/>\u00a1Vaya! Hasta pareciera que Dante Delgado les lleva ventaja en todo\u2026 pareciera\u2026<br \/>Bueno, en el arte de Gobernar, tanto Dante como Miyuli saben lo que es llevar las riendas de un gobierno\u2026 Javier Duarte no.<br \/>En algo Javier les lleva ventaja\u2026 por el momento, no ha tenido problemas judiciales o envuelto en esc\u00e1ndalos de verg\u00fcenza, como el encarcelamiento del cordob\u00e9s o la menci\u00f3n de Yunes Linares en \u201cLos demonios del Ed\u00e9n\u201d.<br \/>Igual Duarte les lleva ventaja medi\u00e1tica a Yunes Linares (por el momento) y a Dante Delgado\u2026<br \/>Se dice \u201cpor el momento\u201d porque \u201cbisnes son bisnes\u201d y si no, baste ver \u201cDiario de Xalapa\u201d, que poco a poco, si V\u00e1zquez Ra\u00f1a no dice lo contrario, ir\u00e1 apareciendo de manera destacada el \u201cBlue Demon\u201d\u2026<br \/>Igual en \u201cTelever\u201d\u2026 si el patr\u00f3n Emilio Azc\u00e1rraga Jean dice \u201cA darle cobertura a Yunes Linares\u201d, se le dar\u00e1.<br \/>S\u00ed\u2026 quiz\u00e1s el menos afortunado en esto de las lides medi\u00e1ticas sea Dante Delgado, por lo que tendr\u00e1 que aprovechar la imagen que tiene el Peje para tratar de reanimar a aquellos que creyeron en \u00e9l alguna vez, en especial los viejitos, aunque \u00a1ojo! ya est\u00e1n m\u00e1s inclinados por la fidelidad que por el pejismo\u2026<br \/>Pero Fidel Herrera y su continuismo no s\u00f3lo tienen en el Gobierno federal a su principal enemigo\u2026 tambi\u00e9n est\u00e1 en el PRI.<br \/>\u00a1Vaya! La fuerza de Fidel Herrera para jugar sus cartas en el 2012 depender\u00e1 de estas elecciones.<br \/>Si gana abrumadoramente como pretende, podemos hablar de dos contendientes por el PRI a Los Pinos: Pe\u00f1a Nieto y el mismo Fidel Herrera al ser los due\u00f1os de los bastiones electorales m\u00e1s importantes del pa\u00eds.<br \/>Eso dejar\u00eda fuera a Beatriz Paredes y a Manlio Fabio, quienes s\u00f3lo buscar\u00edan \u201cvender\u201d su pobre capital pol\u00edtico ya fuera a Enrique o a T\u00edo Fide.<br \/>Pero en el caso de perder, T\u00edo Fide estar\u00eda despidi\u00e9ndose no s\u00f3lo de una posible aspiraci\u00f3n a un puesto en Los Pinos\u2026 \u00a1quiz\u00e1s hasta del pa\u00eds! dependiendo de quien ganara ac\u00e1: Yunes o Dante.<br \/>As\u00ed que no nos extra\u00f1e que en Veracruz haya Pe\u00f1istas trabajando contra T\u00edo Fide en estas elecciones\u2026 \u00a1vaya! Si Beatriz Paredes Rangel pact\u00f3 con C\u00e9sar Nava, \u00bfpor qu\u00e9 tendr\u00eda que extra\u00f1arnos un pacto de Enrique Pe\u00f1a Nieto con Calder\u00f3n, ambos, con la mira puesta en Veracruz para llegar juntos al 2012?<br \/>El regreso del PRI a Los Pinos y una salida digna para Felipe.<br \/>\u00bfPor qu\u00e9 no?<\/p>\n<p>e-mail: dor00@hotmail.com<\/p>\n","protected":false},"excerpt":{"rendered":"<p>Salvador Mu\u00f1ozLos Pol\u00edticos Estoy seguro que este 2010 habremos de vivir las elecciones m\u00e1s caras en la historia de Veracruz.Si muchos aseguran que el gobierno estatal habr\u00e1 de invertir mucho dinero para sacar adelante la elecci\u00f3n de su candidato a Gobernador, por supuesto que el Gobierno federal ha de hacer lo mismo.La raz\u00f3n es sencilla: [&hellip;]<\/p>\n","protected":false},"author":1,"featured_media":0,"comment_status":"open","ping_status":"open","sticky":false,"template":"","format":"standard","meta":{"_jetpack_newsletter_access":"","_jetpack_dont_email_post_to_subs":false,"_jetpack_newsletter_tier_id":0,"_jetpack_memberships_contains_paywalled_content":false,"_jetpack_memberships_contains_paid_content":false,"footnotes":""},"categories":[1],"tags":[],"class_list":["post-7931","post","type-post","status-publish","format-standard","hentry","category-sin-categoria"],"jetpack_featured_media_url":"","jetpack_sharing_enabled":true,"jetpack_shortlink":"https:\/\/wp.me\/p4Qcd3-23V","_links":{"self":[{"href":"https:\/\/lospoliticosveracruz.com.mx\/index.php?rest_route=\/wp\/v2\/posts\/7931","targetHints":{"allow":["GET"]}}],"collection":[{"href":"https:\/\/lospoliticosveracruz.com.mx\/index.php?rest_route=\/wp\/v2\/posts"}],"about":[{"href":"https:\/\/lospoliticosveracruz.com.mx\/index.php?rest_route=\/wp\/v2\/types\/post"}],"author":[{"embeddable":true,"href":"https:\/\/lospoliticosveracruz.com.mx\/index.php?rest_route=\/wp\/v2\/users\/1"}],"replies":[{"embeddable":true,"href":"https:\/\/lospoliticosveracruz.com.mx\/index.php?rest_route=%2Fwp%2Fv2%2Fcomments&post=7931"}],"version-history":[{"count":0,"href":"https:\/\/lospoliticosveracruz.com.mx\/index.php?rest_route=\/wp\/v2\/posts\/7931\/revisions"}],"wp:attachment":[{"href":"https:\/\/lospoliticosveracruz.com.mx\/index.php?rest_route=%2Fwp%2Fv2%2Fmedia&parent=7931"}],"wp:term":[{"taxonomy":"category","embeddable":true,"href":"https:\/\/lospoliticosveracruz.com.mx\/index.php?rest_route=%2Fwp%2Fv2%2Fcategories&post=7931"},{"taxonomy":"post_tag","embeddable":true,"href":"https:\/\/lospoliticosveracruz.com.mx\/index.php?rest_route=%2Fwp%2Fv2%2Ftags&post=7931"}],"curies":[{"name":"wp","href":"https:\/\/api.w.org\/{rel}","templated":true}]}}