{"id":7933,"date":"2010-03-07T21:19:00","date_gmt":"2010-03-07T21:19:00","guid":{"rendered":"http:\/\/www.lospoliticosveracruz.com.mx\/?p=7933"},"modified":"2014-10-09T03:44:30","modified_gmt":"2014-10-09T03:44:30","slug":"nomas-la-puntita","status":"publish","type":"post","link":"https:\/\/lospoliticosveracruz.com.mx\/?p=7933","title":{"rendered":"Nom\u00e1s la Puntita!!!"},"content":{"rendered":"<blockquote><p>Hay menos pobres en Veracruz que cuando empezamos: FHB<br \/>Cierto, con tanto que ha ca\u00eddo la Loter\u00eda en el estado<\/p><\/blockquote>\n<p><strong>Antonio Williams<\/strong><\/p>\n<p>Seg\u00fan el ofrecimiento del Gobernador de Veracruz Fidel Herrera Beltr\u00e1n y acorde a la publicidad oficial,  para Veracruz viene lo mejor.<br \/>No acabo de entender el tama\u00f1o de la promesa del Gobernador. No s\u00e9 si ya lleg\u00f3 lo mejor o si todav\u00eda no hemos visto lo suficiente. Tratar\u00e9 de hacer un sucinto recuento de lo que hemos visto en los \u00faltimos d\u00edas, olvidando el orden cronol\u00f3gico.<br \/>I.- Miguel Angel Yunes Linares, con la rudeza que lo caracteriza, despotrica en contra de Fidel Herrera. Denuncia la intromisi\u00f3n del Gobernador en el incipiente proceso electoral veracruzano. Amenaza con cortarle las manos si las mete. Cit\u00f3 estad\u00edsticas sobre Veracruz: 5 millones de veracruzanos pobres, de los cuales 2 millones est\u00e1n en extrema pobreza, desempleo, deuda, etc, etc, y etc. Acus\u00f3 el desv\u00edo de recursos estatales para favorecer al cet\u00e1ceo del Gobernador, Javier Duarte. La prensa veracruzana (la oficialista) lo denosta, lo acusa de pederasta, lo tira a loco o lo ignora.<br \/>II.- Sale Fidel Herrera en el Noticiero de Ciro G\u00f3mez Leyva en Milenio TV,  replicando el decir de Yunes. Lo minimiza y enfoca sus ataques contra el Presidente de la Rep\u00fablica, Felipe Calder\u00f3n. Lo acusa de usar 108 programas federales para promover el voto a favor del  PAN. Como robalo enjabonado, se escurre a las preguntas de Ciro, hasta que \u00e9ste, se da por vencido y le pide que ya le pare a su soliloquio.  La prensa veracruzana (la oficialista) magnifica la entrevista y la presenta como el revire y el triunfo del Gobernador sobre la diatriba de Yunes.  Yo lo \u00fanico que vi, fue a un merolico desesperado y temeroso, repitiendo y repitiendo su perorata ante un esc\u00e9ptico y harto interlocutor.<br \/>III.- El Abogado Jorge Reyes Peralta denuncia a Miguel Angel  Yunes Linares por conocer de delitos cometidos por Fidel Herrera y no denunciarlo ante la autoridad. Ahora el mismo abogado deber\u00eda denunciar al Gobernador de Veracruz por conocer los delitos cometidos por Felipe Calder\u00f3n y no denunciarlo ante la autoridad.  A otra cosa mariposa. <br \/>IV.-  El cet\u00e1ceo del Gobernador en un orgasmo de soberbia, expres\u00f3 que a \u00e9l  (y a Fidel, obvio)  no le ganan ni trayendo al Papa. Despu\u00e9s lo quiso componer diciendo que no dijo Papa, que dijo Pap\u00e1. La \u00fanica agudeza que mostr\u00f3 fue la de su voz. Hoy se reuni\u00f3 con el Arzobispo de Xalapa, Monse\u00f1or Hip\u00f3lito Reyes Larios. Apuesto que se confes\u00f3 y le pidi\u00f3  que no vaya a venir el Papa, no vaya a ser.<br \/>V.- El glorioso Movimiento de los 400 Pueblos, se acanton\u00f3 en Xalapa y exigi\u00f3 castigo contra la represi\u00f3n que sufrieron hace mas de 12 a\u00f1os por parte de Miguel Angel Yunes, cuando fue Secretario de Gobierno de Patricio Chirinos. Con la presteza que caracteriza a la justicia veracruzana, se acord\u00f3 crear una COMISION DE LA VERDAD, para investigar los hechos y castigar al culpable. Ahora ya sabemos, para exigir justicia solo se necesita ir a la Plaza Lerdo de Xalapa, encuerarse y de inmediato, Don Reynaldo suelta el frasco y se pone a trabajar. Pobre de Don Ramiro Guill\u00e9n que para pedir que lo atendieran se inmol\u00f3 en la Plaza Lerdo. No supo que hab\u00eda que ense\u00f1ar los huevos de otra forma.<br \/>VI.- Eduardo Andrade present\u00f3 denuncia contra Miguel Angel Yunes por actos anticipados de campa\u00f1a y el uso de recursos p\u00fablicos. Pobre Lalo, debe haber andado pedo otra vez. Ve la paja en el hombro ajeno y no ve los millones que gastamos los veracruzanos para promocionar al cet\u00e1ceo del Gobernador.<br \/>VII.- El Gobernador Fidel Herrera acusa que se utiliza al Estado Mayor Presidencial y al Ej\u00e9rcito Mexicano para intervenir en las elecciones a favor del PAN, (el partido del Presidente de la Rep\u00fablica)  agraviando fuertemente a estas instituciones nacionales. \u00bfY la mariposa?<br \/>VIII.- Gerardo Buganza, quiz\u00e1s  la m\u00e1s limpia carta panista, al no ser escogido candidato al Gobierno de Veracruz, decide renunciar al PAN, creando un grave conflicto al partido y amenazando con una grave escisi\u00f3n. La prensa veracruzana (la oficialista) se erige en defensora de su causa, lo victimiza y recoge todas las opiniones a su favor, lo coloca como candidato en otros partidos, llegando al colmo algunos en suponerlo como candidato del PRI, en lugar del cet\u00e1ceo.<br \/>IX.- Dante Delgado Rannauro es presentado como candidato de la alianza de partidos (PRD, PT y CONVERGENCIA). Hasta ahora, muy poco le ha llovido en su milpa, si acaso, el fuego amigo perredista le ha llegado levemente, pero se ha mantenido al margen, tratando de adoptar una imagen ciudadana ajena a la vor\u00e1gine pol\u00edtica.<br \/>X.- H\u00e9ctor Yunes Landa, otra magn\u00edfica carta, tambi\u00e9n est\u00e1 a la expectativa, aguardando la resoluci\u00f3n del TRIFE a su recurso presentado por la absurda descalificaci\u00f3n que le hizo el PRI a su solicitud de registro como precandidato.<br \/>Y AQU\u00cd LE PARAMOS. Como lo anticip\u00f3 el Gobernador Fidel Herrera, la guerra de lodo se avecina. Se ve cruenta e inmisericorde.<br \/>Con lo poquito comentado aqu\u00ed, podemos estar seguros que VIENE LO MEJOR, esto que vemos, es nom\u00e1s la puntita\u2026.. del iceberg.<\/p>\n<p>* antoniowilliams@prodigy.net.mx<br \/>* laopiniondetonywilliams@gmail.com<\/p>\n","protected":false},"excerpt":{"rendered":"<p>Hay menos pobres en Veracruz que cuando empezamos: FHBCierto, con tanto que ha ca\u00eddo la Loter\u00eda en el estado Antonio Williams Seg\u00fan el ofrecimiento del Gobernador de Veracruz Fidel Herrera Beltr\u00e1n y acorde a la publicidad oficial, para Veracruz viene lo mejor.No acabo de entender el tama\u00f1o de la promesa del Gobernador. No s\u00e9 si [&hellip;]<\/p>\n","protected":false},"author":1,"featured_media":0,"comment_status":"open","ping_status":"open","sticky":false,"template":"","format":"standard","meta":{"_jetpack_newsletter_access":"","_jetpack_dont_email_post_to_subs":false,"_jetpack_newsletter_tier_id":0,"_jetpack_memberships_contains_paywalled_content":false,"_jetpack_memberships_contains_paid_content":false,"footnotes":""},"categories":[1],"tags":[],"class_list":["post-7933","post","type-post","status-publish","format-standard","hentry","category-sin-categoria"],"jetpack_featured_media_url":"","jetpack_sharing_enabled":true,"jetpack_shortlink":"https:\/\/wp.me\/p4Qcd3-23X","_links":{"self":[{"href":"https:\/\/lospoliticosveracruz.com.mx\/index.php?rest_route=\/wp\/v2\/posts\/7933","targetHints":{"allow":["GET"]}}],"collection":[{"href":"https:\/\/lospoliticosveracruz.com.mx\/index.php?rest_route=\/wp\/v2\/posts"}],"about":[{"href":"https:\/\/lospoliticosveracruz.com.mx\/index.php?rest_route=\/wp\/v2\/types\/post"}],"author":[{"embeddable":true,"href":"https:\/\/lospoliticosveracruz.com.mx\/index.php?rest_route=\/wp\/v2\/users\/1"}],"replies":[{"embeddable":true,"href":"https:\/\/lospoliticosveracruz.com.mx\/index.php?rest_route=%2Fwp%2Fv2%2Fcomments&post=7933"}],"version-history":[{"count":0,"href":"https:\/\/lospoliticosveracruz.com.mx\/index.php?rest_route=\/wp\/v2\/posts\/7933\/revisions"}],"wp:attachment":[{"href":"https:\/\/lospoliticosveracruz.com.mx\/index.php?rest_route=%2Fwp%2Fv2%2Fmedia&parent=7933"}],"wp:term":[{"taxonomy":"category","embeddable":true,"href":"https:\/\/lospoliticosveracruz.com.mx\/index.php?rest_route=%2Fwp%2Fv2%2Fcategories&post=7933"},{"taxonomy":"post_tag","embeddable":true,"href":"https:\/\/lospoliticosveracruz.com.mx\/index.php?rest_route=%2Fwp%2Fv2%2Ftags&post=7933"}],"curies":[{"name":"wp","href":"https:\/\/api.w.org\/{rel}","templated":true}]}}