{"id":7934,"date":"2010-03-05T23:33:00","date_gmt":"2010-03-05T23:33:00","guid":{"rendered":"http:\/\/www.lospoliticosveracruz.com.mx\/?p=7934"},"modified":"2014-10-09T03:44:30","modified_gmt":"2014-10-09T03:44:30","slug":"intolerante","status":"publish","type":"post","link":"https:\/\/lospoliticosveracruz.com.mx\/?p=7934","title":{"rendered":"\u00a1Intolerante!"},"content":{"rendered":"<p><strong>Salvador Mu\u00f1oz<\/strong><br \/><em>Los Pol\u00edticos<\/em><\/p>\n<p><em>\u00bfMe estar\u00e9 volviendo gay?<\/em><br \/>Bueno, estoy a punto de cumplir 41 a\u00f1os\u2026 soy tolerante con los pol\u00edticos homosexuales, amigo de periodistas homosexuales, lloro con \u201cRegresa\u201d, me angustia Heathcliffe en \u201cCumbres Borrascosas\u201d \u00a1y me gustan las pel\u00edculas de Jaime Camil!<br \/><em>\u00bfMe estar\u00e9 volviendo joto?<\/em><br \/>Celebro ver la alegr\u00eda con que dos hombres o dos mujeres formalizan su matrimonio, creo que no hay nada m\u00e1s bello que el amor en cualquiera de sus expresiones\u2026 por supuesto: cada quien hace de su culo un papalote y lo empina como quiera\u2026<br \/><em>\u00bfMe estar\u00e9 volviendo choto?<\/em><br \/>Veo en Isabel Miranda de Wallace a la mujer m\u00e1s valiente de M\u00e9xico que no recibe ning\u00fan \u201cputo\u201d (digo, para estar ad hoc) reconocimiento a su valor para enfrentar a bandas delictivas pero eso s\u00ed, a Carmen Salinas en Tihuatl\u00e1n le har\u00e1n un homenaje\u2026 \u00bfpor ponerse de tapete con el Gobernador cada vez que puede?<br \/><em>\u00bfMe estar\u00e9 volviendo maric\u00f3n?<\/em><br \/>En pol\u00edtica se puede perdonar que el funcionario sea ladr\u00f3n o golpeador de mujeres, pero jam\u00e1s de los jamases se le podr\u00e1 perdonar si se sospecha, se es o se le inventa que sea homosexual\u2026<br \/><em>\u00bfMe estar\u00e9 volviendo pu\u00f1al?<\/em><br \/>Nuestra cultura permite que el PAN y el PRD hagan una alianza para intentar derrotar al PRI\u2026 nuestra cultura permite que el PAN y el PRI hagan pactos donde convengan no hacer alianzas a cambio de los votos para que el gobierno federal haga sus reformas\u2026<br \/><em>\u00bfMe estar\u00e9 volviendo puto?<\/em><br \/>\u00a1Huy! Pero la Iglesia, asociaciones y pol\u00edticos declaran antinatura el matrimonio legalizado entre iguales sexos en el DF\u2026<br \/><em>\u00bfMe estar\u00e9 volviendo \u201csaltapatr\u00e1s\u201d?<\/em><br \/>El homosexual en nuestra sociedad sigue siendo como un bicho \u201craro\u201d, al que se le puede endilgar miles y miles de acepciones, as\u00ed como bromas y se\u00f1alamientos propios de una Santa Inquisici\u00f3n. Se le condena\u2026 se le burla\u2026 se le estigmatiza\u2026 se le aparta\u2026<br \/>Nuestra sociedad es machista\u2026 pero curiosamente es capaz de perdonar al pederasta si el nombre de Dios est\u00e1 de por medio. Entonces\u2026<br \/>\u00a1Condenemos al puto, a la lesbiana, a la tortillera, al cachagranizo, a la loca, a la marimacha, al gay!<br \/>Porque tal parece que en nuestra sociedad es visto como normal que un sacerdote trafique pornograf\u00eda infantil, que viole a sus hijos, que un pol\u00edtico sea corrupto, que alguien asesine, mienta o defraude\u2026<br \/>Entonces \u00bfes puto un hombre que tiene relaciones con otro hombre? \u00bfo tortillera una mujer que tiene relaciones con otra?<br \/>Perd\u00f3n por la expresi\u00f3n pero para m\u00ed, m\u00e1s putos son otros\u2026 \u00a1puto el padre Chuch\u00edn! \u00a1puto el padre Mu\u00f1iz! \u00a1putos el C\u00e9sar Nava y Beatriz Paredes con sus pactos! \u00a1Putos los que usted quiera agregar!<br \/>Y vuelvo a la primera pregunta: \u00bfMe estar\u00e9 volviendo gay? La respuesta es No, pero si as\u00ed fuera, estoy seguro que ser\u00eda m\u00e1s digno que ser en estos momentos sacerdote o pol\u00edtico.<br \/>A veces trato de respetar a todos pero me doy cuenta que me estoy volviendo intolerante a los pol\u00edticos, a los sacerdotes pederastas y a la lactosa\u2026<\/p>\n<p>e-mail: dor00@hotmail.com<\/p>\n","protected":false},"excerpt":{"rendered":"<p>Salvador Mu\u00f1ozLos Pol\u00edticos \u00bfMe estar\u00e9 volviendo gay?Bueno, estoy a punto de cumplir 41 a\u00f1os\u2026 soy tolerante con los pol\u00edticos homosexuales, amigo de periodistas homosexuales, lloro con \u201cRegresa\u201d, me angustia Heathcliffe en \u201cCumbres Borrascosas\u201d \u00a1y me gustan las pel\u00edculas de Jaime Camil!\u00bfMe estar\u00e9 volviendo joto?Celebro ver la alegr\u00eda con que dos hombres o dos mujeres formalizan [&hellip;]<\/p>\n","protected":false},"author":1,"featured_media":0,"comment_status":"open","ping_status":"open","sticky":false,"template":"","format":"standard","meta":{"_jetpack_newsletter_access":"","_jetpack_dont_email_post_to_subs":false,"_jetpack_newsletter_tier_id":0,"_jetpack_memberships_contains_paywalled_content":false,"_jetpack_memberships_contains_paid_content":false,"footnotes":""},"categories":[1],"tags":[],"class_list":["post-7934","post","type-post","status-publish","format-standard","hentry","category-sin-categoria"],"jetpack_featured_media_url":"","jetpack_sharing_enabled":true,"jetpack_shortlink":"https:\/\/wp.me\/p4Qcd3-23Y","_links":{"self":[{"href":"https:\/\/lospoliticosveracruz.com.mx\/index.php?rest_route=\/wp\/v2\/posts\/7934","targetHints":{"allow":["GET"]}}],"collection":[{"href":"https:\/\/lospoliticosveracruz.com.mx\/index.php?rest_route=\/wp\/v2\/posts"}],"about":[{"href":"https:\/\/lospoliticosveracruz.com.mx\/index.php?rest_route=\/wp\/v2\/types\/post"}],"author":[{"embeddable":true,"href":"https:\/\/lospoliticosveracruz.com.mx\/index.php?rest_route=\/wp\/v2\/users\/1"}],"replies":[{"embeddable":true,"href":"https:\/\/lospoliticosveracruz.com.mx\/index.php?rest_route=%2Fwp%2Fv2%2Fcomments&post=7934"}],"version-history":[{"count":0,"href":"https:\/\/lospoliticosveracruz.com.mx\/index.php?rest_route=\/wp\/v2\/posts\/7934\/revisions"}],"wp:attachment":[{"href":"https:\/\/lospoliticosveracruz.com.mx\/index.php?rest_route=%2Fwp%2Fv2%2Fmedia&parent=7934"}],"wp:term":[{"taxonomy":"category","embeddable":true,"href":"https:\/\/lospoliticosveracruz.com.mx\/index.php?rest_route=%2Fwp%2Fv2%2Fcategories&post=7934"},{"taxonomy":"post_tag","embeddable":true,"href":"https:\/\/lospoliticosveracruz.com.mx\/index.php?rest_route=%2Fwp%2Fv2%2Ftags&post=7934"}],"curies":[{"name":"wp","href":"https:\/\/api.w.org\/{rel}","templated":true}]}}