{"id":7935,"date":"2010-03-05T15:08:00","date_gmt":"2010-03-05T15:08:00","guid":{"rendered":"http:\/\/www.lospoliticosveracruz.com.mx\/?p=7935"},"modified":"2014-10-09T03:44:30","modified_gmt":"2014-10-09T03:44:30","slug":"buganza-y-yunes-el-pacto-que-no-se-cumplio","status":"publish","type":"post","link":"https:\/\/lospoliticosveracruz.com.mx\/?p=7935","title":{"rendered":"Buganza y Yunes: El pacto que no se cumpli\u00f3"},"content":{"rendered":"<p><strong>De la Redacci\u00f3n<\/strong><\/p>\n<p>Nos llega esta carta con esta foto de un panista&#8230; las dejo a su disposici\u00f3n&#8230;<\/p>\n<p>\u00abSoy panista veracruzano, seguidor de Buganza y lo acompa\u00f1\u00e9 el jueves 18 de febrero a la sesi\u00f3n donde el CEN vot\u00f3 en favor de Yunes como candidato a Gobernador. Un minuto antes de que se conociera la decisi\u00f3n se dieron un abrazo y posaron para esta foto. Se comprometieron ellos dos y Juan Bueno a que cualquiera que fuera el resultado se apoyar\u00edan mutuamente. Hoy s\u00e9 qui\u00e9n es Buganza, qu\u00e9 bueno que se fue del PAN. Es un hombre que no honra su palabra, un tipo que le da a su firma el valor del papel donde la pone. Yo sigo y seguir\u00e9 en el PAN, no soy un oportunista, por eso no doy mi nombre, no quiero que piensen que intento quedar bien con Yunes, pero juro por Dios que escuch\u00e9 todo\u00bb.<br \/><a href=\"http:\/\/www.lospoliticosveracruz.com.mx\/wp-content\/uploads\/2010\/03\/2004.jpg\"><img decoding=\"async\" style=\"display:block; margin:0px auto 10px; text-align:center;cursor:pointer; cursor:hand;width: 400px; height: 286px;\" src=\"http:\/\/www.lospoliticosveracruz.com.mx\/wp-content\/uploads\/2010\/03\/2004-300x214.jpg\" border=\"0\" alt=\"\"id=\"BLOGGER_PHOTO_ID_5445167381089195298\" \/><\/a><br \/>\u00a1Oooorale! Por supuesto&#8230; falta ver si esa foto no corresponde a otra fecha, como el 2004&#8230; el oportunismo es oportunista.<\/p>\n","protected":false},"excerpt":{"rendered":"<p>De la Redacci\u00f3n Nos llega esta carta con esta foto de un panista&#8230; las dejo a su disposici\u00f3n&#8230; \u00abSoy panista veracruzano, seguidor de Buganza y lo acompa\u00f1\u00e9 el jueves 18 de febrero a la sesi\u00f3n donde el CEN vot\u00f3 en favor de Yunes como candidato a Gobernador. Un minuto antes de que se conociera la [&hellip;]<\/p>\n","protected":false},"author":1,"featured_media":0,"comment_status":"open","ping_status":"open","sticky":false,"template":"","format":"standard","meta":{"_jetpack_newsletter_access":"","_jetpack_dont_email_post_to_subs":false,"_jetpack_newsletter_tier_id":0,"_jetpack_memberships_contains_paywalled_content":false,"_jetpack_memberships_contains_paid_content":false,"footnotes":""},"categories":[1],"tags":[],"class_list":["post-7935","post","type-post","status-publish","format-standard","hentry","category-sin-categoria"],"jetpack_featured_media_url":"","jetpack_sharing_enabled":true,"jetpack_shortlink":"https:\/\/wp.me\/p4Qcd3-23Z","_links":{"self":[{"href":"https:\/\/lospoliticosveracruz.com.mx\/index.php?rest_route=\/wp\/v2\/posts\/7935","targetHints":{"allow":["GET"]}}],"collection":[{"href":"https:\/\/lospoliticosveracruz.com.mx\/index.php?rest_route=\/wp\/v2\/posts"}],"about":[{"href":"https:\/\/lospoliticosveracruz.com.mx\/index.php?rest_route=\/wp\/v2\/types\/post"}],"author":[{"embeddable":true,"href":"https:\/\/lospoliticosveracruz.com.mx\/index.php?rest_route=\/wp\/v2\/users\/1"}],"replies":[{"embeddable":true,"href":"https:\/\/lospoliticosveracruz.com.mx\/index.php?rest_route=%2Fwp%2Fv2%2Fcomments&post=7935"}],"version-history":[{"count":0,"href":"https:\/\/lospoliticosveracruz.com.mx\/index.php?rest_route=\/wp\/v2\/posts\/7935\/revisions"}],"wp:attachment":[{"href":"https:\/\/lospoliticosveracruz.com.mx\/index.php?rest_route=%2Fwp%2Fv2%2Fmedia&parent=7935"}],"wp:term":[{"taxonomy":"category","embeddable":true,"href":"https:\/\/lospoliticosveracruz.com.mx\/index.php?rest_route=%2Fwp%2Fv2%2Fcategories&post=7935"},{"taxonomy":"post_tag","embeddable":true,"href":"https:\/\/lospoliticosveracruz.com.mx\/index.php?rest_route=%2Fwp%2Fv2%2Ftags&post=7935"}],"curies":[{"name":"wp","href":"https:\/\/api.w.org\/{rel}","templated":true}]}}