{"id":79364,"date":"2021-09-13T09:30:49","date_gmt":"2021-09-13T14:30:49","guid":{"rendered":"https:\/\/lospoliticosveracruz.com.mx\/?p=79364"},"modified":"2021-09-13T09:30:54","modified_gmt":"2021-09-13T14:30:54","slug":"sorpresas-en-la-cuenta-2020","status":"publish","type":"post","link":"https:\/\/lospoliticosveracruz.com.mx\/?p=79364","title":{"rendered":"Sorpresas en la cuenta 2020"},"content":{"rendered":"\n<p><\/p>\n\n\n\n<p>\u00b7<\/p>\n\n\n\n<p><strong>Omar Z\u00fa\u00f1iga<\/strong><br><em>De Primera Mano Taj\u00edn<\/em><\/p>\n\n\n\n<p>La revisi\u00f3n de la Cuenta P\u00fablica 2019 arroj\u00f3 sorpresas, entre ellas el presunto da\u00f1o patrimonial por 1.6 millones de pesos en la Universidad Veracruzana, por cierto la primera observaci\u00f3n por irregularidades graves en muchos a\u00f1os y precisamente le toc\u00f3 a una de las peores (quiz\u00e1 la que m\u00e1s) administraciones con la ya tristemente c\u00e9lebre Sara Deifilia Ladr\u00f3n de Guevara.<br>Y faltan las sorpresas que depare la revisi\u00f3n de la Cuenta P\u00fablica 2020, y la recomendaci\u00f3n para los alcaldes es que tengan a la mano toooda la documentaci\u00f3n probatoria para resarcir las irregularidades,, pues hay por ejemplo, alrededor del 80 por ciento de los municipios de todos los tama\u00f1os con observaciones por irregularidades graves, peculado pues. A algunos les caer\u00e1 l&#8217;az\u00facar.<br>La Cuenta P\u00fablica 2020 est\u00e1 por salir, a finales de este mes quiz\u00e1, para poder pasar al Congreso en espera de su aprobaci\u00f3n y es conveniente se\u00f1alar que los legisladores le han aprobado las cuentas que le han tocado a la titular del \u00d3rgano de Fiscalizaci\u00f3n Superior del Estado (Orfis), Delia Gonz\u00e1lez Cobos, no le han puesto trabas, quiz\u00e1 por el trabajo exhaustivo y minucioso que se ha hecho en las revisiones.<br>La auditora superior dej\u00f3 gratamente sorprendidos al Grupo de los 10, pues adem\u00e1s de que es la primera funcionaria de primer nivel en este gobierno que se ha atrevido a informar puntualmente, le entr\u00f3 a todo sin inmutarse, contestando claramente el interrogatorio.<br>Po ejemplo y pregunta obligada eran los cuestionamientos que en su contra realiz\u00f3 el diputado morenista Juan Jos\u00e9 Gonz\u00e1lez Cazar\u00edn y la respuesta pr\u00e1cticamente fue un levantar de hombros, al sostener que no hab\u00eda pruebas de los presuntos actos de corrupci\u00f3n al interior del Orfis, como lo desliz\u00f3 el diputado y -sostuvo- que si tiene pruebas, que las presente ante las instancias correspondientes para que se act\u00fae en consecuencia.<br>Explic\u00f3 que una de las constantes en su administraci\u00f3n ha sido precisamente acabar con \u00abviejas pr\u00e1cticas\u00bb y ret\u00f3 a quien quiera tomar el reto a preguntar a los alcaldes si alguno de ellos tiene o ha tenido \u00abrecomendaci\u00f3n\u00bb para trabajar con alg\u00fan despacho en especial o bien \u00abacercamientos\u00bb para que los servidores p\u00fablicos eviten broncas arreglando los problemas antes de que lleguen al Congreso.<br>Esto debe explicar el elevado porcentaje de ayuntamientos con irregularidades en el periodo 2020.<br>Clara, contundente y reservada al mismo tiempo, pero con la disposici\u00f3n de hablar y explicar la delicada labor que realiza como auditora, que dicho sea de paso, asegura que no recibe l\u00ednea de nadie ni presiones de ninguna oficina para aprobar ninguna cuenta en especial, al mismo tiempo y aunque reconoce que ciertamente conoce a la secretaria de Energ\u00eda Roc\u00edo Nahle, se desmarca asegurando que no es su amiga y mucho menos pertenece a su grupo pol\u00edtico.<br>Vaya el reconocimiento pues a una servidora p\u00fablica que tiene el valor de informar puntualmente lo que realiza y no aplica la estrategia del avestruz.<br>Ojal\u00e1 muchos m\u00e1s funcionarios, incluido el gobernador, pongan en pr\u00e1ctica este ejercicio. Lo que no se comunica, no se sabe y si no se sabe, dif\u00edcilmente existe en el imaginario colectivo.<\/p>\n\n\n\n<hr class=\"wp-block-separator\"\/>\n\n\n\n<p>El Club de Periodistas de Veracruz, A.C. Delegaci\u00f3n Veracruz y Diario de Xalapa, con motivo del 78 aniversario del Vocero de la Provincia inaugurar\u00e1n hoy lunes 13 a las 11:00 horas, la exposici\u00f3n fotogr\u00e1fica y de caricaturas \u00abXalapa a Diario\u00bb en el Teatro del Estado \u00abGeneral Ignacio de la Llave\u00bb de esta ciudad.<br>La muestra contar\u00e1 con im\u00e1genes de los reporteros gr\u00e1ficos Jes\u00fas Escamiroza, David Bello, Jos\u00e9 Luis Romero (que ya son parte del inventario) adem\u00e1s de Eduardo Murillo, Ren\u00e9 Corrales y el extinto Jaime Rivera (DEP). Los cartones de la pluma del maestro Nicanor. \u00a1Enhorabuena y felicidades!<\/p>\n\n\n\n<p>\u00a1Qu\u00e9 barbaridad!<br>deprimera.mano2020@gmail.com<\/p>\n","protected":false},"excerpt":{"rendered":"<p>\u00b7 Omar Z\u00fa\u00f1igaDe Primera Mano Taj\u00edn La revisi\u00f3n de la Cuenta P\u00fablica 2019 arroj\u00f3 sorpresas, entre ellas el presunto da\u00f1o patrimonial por 1.6 millones de pesos en la Universidad Veracruzana, por cierto la primera observaci\u00f3n por irregularidades graves en muchos a\u00f1os y precisamente le toc\u00f3 a una de las peores (quiz\u00e1 la que m\u00e1s) administraciones [&hellip;]<\/p>\n","protected":false},"author":2,"featured_media":0,"comment_status":"closed","ping_status":"closed","sticky":false,"template":"","format":"standard","meta":{"_jetpack_newsletter_access":"","_jetpack_dont_email_post_to_subs":false,"_jetpack_newsletter_tier_id":0,"_jetpack_memberships_contains_paywalled_content":false,"_jetpack_memberships_contains_paid_content":false,"footnotes":""},"categories":[70],"tags":[20000,26350,30380,15181,30379,30381,30378,135,30377,219],"class_list":["post-79364","post","type-post","status-publish","format-standard","hentry","category-de-opinion","tag-cuenta-publica-2019","tag-cuenta-publica-2020","tag-david-bello","tag-delia-gonzalez-cobos","tag-jesus-escamiroza","tag-jose-luis-romero","tag-juan-jose-gonzalez-cazarin","tag-orfis","tag-sara-deifilia-ladron-de-guevara","tag-universidad-veracruzana"],"jetpack_featured_media_url":"","jetpack_sharing_enabled":true,"jetpack_shortlink":"https:\/\/wp.me\/p4Qcd3-kE4","_links":{"self":[{"href":"https:\/\/lospoliticosveracruz.com.mx\/index.php?rest_route=\/wp\/v2\/posts\/79364","targetHints":{"allow":["GET"]}}],"collection":[{"href":"https:\/\/lospoliticosveracruz.com.mx\/index.php?rest_route=\/wp\/v2\/posts"}],"about":[{"href":"https:\/\/lospoliticosveracruz.com.mx\/index.php?rest_route=\/wp\/v2\/types\/post"}],"author":[{"embeddable":true,"href":"https:\/\/lospoliticosveracruz.com.mx\/index.php?rest_route=\/wp\/v2\/users\/2"}],"replies":[{"embeddable":true,"href":"https:\/\/lospoliticosveracruz.com.mx\/index.php?rest_route=%2Fwp%2Fv2%2Fcomments&post=79364"}],"version-history":[{"count":1,"href":"https:\/\/lospoliticosveracruz.com.mx\/index.php?rest_route=\/wp\/v2\/posts\/79364\/revisions"}],"predecessor-version":[{"id":79366,"href":"https:\/\/lospoliticosveracruz.com.mx\/index.php?rest_route=\/wp\/v2\/posts\/79364\/revisions\/79366"}],"wp:attachment":[{"href":"https:\/\/lospoliticosveracruz.com.mx\/index.php?rest_route=%2Fwp%2Fv2%2Fmedia&parent=79364"}],"wp:term":[{"taxonomy":"category","embeddable":true,"href":"https:\/\/lospoliticosveracruz.com.mx\/index.php?rest_route=%2Fwp%2Fv2%2Fcategories&post=79364"},{"taxonomy":"post_tag","embeddable":true,"href":"https:\/\/lospoliticosveracruz.com.mx\/index.php?rest_route=%2Fwp%2Fv2%2Ftags&post=79364"}],"curies":[{"name":"wp","href":"https:\/\/api.w.org\/{rel}","templated":true}]}}