{"id":79370,"date":"2021-09-13T10:42:28","date_gmt":"2021-09-13T15:42:28","guid":{"rendered":"https:\/\/lospoliticosveracruz.com.mx\/?p=79370"},"modified":"2021-09-13T10:42:30","modified_gmt":"2021-09-13T15:42:30","slug":"no-estan-solas","status":"publish","type":"post","link":"https:\/\/lospoliticosveracruz.com.mx\/?p=79370","title":{"rendered":"No est\u00e1n solas!"},"content":{"rendered":"\n<p><\/p>\n\n\n\n<p><strong>C\u00f3rdoba<\/strong><br>Para brindar una mejor atenci\u00f3n a mujeres v\u00edctimas de violencia el Instituto Municipal de la Mujer (IMM) de C\u00f3rdoba inform\u00f3 que a partir de esta semana se reactivaron las asesor\u00edas jur\u00eddicas y psicol\u00f3gicas de manera presencial en sus instalaciones ubicadas en Calle 5, entre Avenidas 7 y 5, colonia Centro.<\/p>\n\n\n\n<p>Idalia Adalid Graciano Serrano, titular del IMM, indic\u00f3 que las asesor\u00edas se brindar\u00e1n aplicando protocolos sanitarios para procurar la salud e integridad de quienes requieran atenci\u00f3n as\u00ed como del personal del Instituto.<\/p>\n\n\n\n<p>Puso a disposici\u00f3n de las interesadas la l\u00ednea telef\u00f3nica 2717177775, para solicitar informaci\u00f3n y agendar atenci\u00f3n mediante cita. Adelant\u00f3 que las asesor\u00edas se brindar\u00e1n de lunes a viernes en horario de 8:30 a 15 horas.<\/p>\n\n\n\n<p>Graciano Serrano indic\u00f3 que se determin\u00f3 retomar la modalidad presencial en las asesor\u00edas para procurar una atenci\u00f3n m\u00e1s eficaz y personal en casos probables de violencia contra ni\u00f1as y mujeres, en cualquiera de sus modalidades.<\/p>\n\n\n\n<p>Explic\u00f3 que el IMM C\u00f3rdoba mantiene su modalidad distancia, que implement\u00f3 durante las fases m\u00e1s agudas de la pandemia, y que permiti\u00f3 atender casos de violencia, que aumentaron durante la etapa de distanciamiento social.<\/p>\n\n\n\n<p>Dijo que la presidenta municipal, Leticia L\u00f3pez Landero, ha instruido al IMM a mantener una atenci\u00f3n cercana y de calidad, a las cordobesas, as\u00ed como a coordinarse con otras instancias e instituciones para atender de forma eficaz los temas de g\u00e9nero.<\/p>\n\n\n\n<p>La titular del IMM C\u00f3rdoba invit\u00f3 a la ciudadan\u00eda a acercarse al Instituto para conocer m\u00e1s sobre sus funciones y asesor\u00edas. Reiter\u00f3 que las cordobesas cuentan con instituci\u00f3n que las acompa\u00f1a para el ejercicio pleno de sus derechos.<\/p>\n","protected":false},"excerpt":{"rendered":"<p>C\u00f3rdobaPara brindar una mejor atenci\u00f3n a mujeres v\u00edctimas de violencia el Instituto Municipal de la Mujer (IMM) de C\u00f3rdoba inform\u00f3 que a partir de esta semana se reactivaron las asesor\u00edas jur\u00eddicas y psicol\u00f3gicas de manera presencial en sus instalaciones ubicadas en Calle 5, entre Avenidas 7 y 5, colonia Centro. Idalia Adalid Graciano Serrano, titular [&hellip;]<\/p>\n","protected":false},"author":2,"featured_media":0,"comment_status":"closed","ping_status":"closed","sticky":false,"template":"","format":"standard","meta":{"_jetpack_newsletter_access":"","_jetpack_dont_email_post_to_subs":false,"_jetpack_newsletter_tier_id":0,"_jetpack_memberships_contains_paywalled_content":false,"_jetpack_memberships_contains_paid_content":false,"footnotes":""},"categories":[73],"tags":[30383,6562,7641,30382],"class_list":["post-79370","post","type-post","status-publish","format-standard","hentry","category-de-boleto","tag-idalia-adalid-graciano-serrano","tag-instituto-municipal-de-la-mujer","tag-leticia-lopez-landero","tag-mujeres-victimas-de-violencia"],"jetpack_featured_media_url":"","jetpack_sharing_enabled":true,"jetpack_shortlink":"https:\/\/wp.me\/p4Qcd3-kEa","_links":{"self":[{"href":"https:\/\/lospoliticosveracruz.com.mx\/index.php?rest_route=\/wp\/v2\/posts\/79370","targetHints":{"allow":["GET"]}}],"collection":[{"href":"https:\/\/lospoliticosveracruz.com.mx\/index.php?rest_route=\/wp\/v2\/posts"}],"about":[{"href":"https:\/\/lospoliticosveracruz.com.mx\/index.php?rest_route=\/wp\/v2\/types\/post"}],"author":[{"embeddable":true,"href":"https:\/\/lospoliticosveracruz.com.mx\/index.php?rest_route=\/wp\/v2\/users\/2"}],"replies":[{"embeddable":true,"href":"https:\/\/lospoliticosveracruz.com.mx\/index.php?rest_route=%2Fwp%2Fv2%2Fcomments&post=79370"}],"version-history":[{"count":1,"href":"https:\/\/lospoliticosveracruz.com.mx\/index.php?rest_route=\/wp\/v2\/posts\/79370\/revisions"}],"predecessor-version":[{"id":79372,"href":"https:\/\/lospoliticosveracruz.com.mx\/index.php?rest_route=\/wp\/v2\/posts\/79370\/revisions\/79372"}],"wp:attachment":[{"href":"https:\/\/lospoliticosveracruz.com.mx\/index.php?rest_route=%2Fwp%2Fv2%2Fmedia&parent=79370"}],"wp:term":[{"taxonomy":"category","embeddable":true,"href":"https:\/\/lospoliticosveracruz.com.mx\/index.php?rest_route=%2Fwp%2Fv2%2Fcategories&post=79370"},{"taxonomy":"post_tag","embeddable":true,"href":"https:\/\/lospoliticosveracruz.com.mx\/index.php?rest_route=%2Fwp%2Fv2%2Ftags&post=79370"}],"curies":[{"name":"wp","href":"https:\/\/api.w.org\/{rel}","templated":true}]}}