{"id":79707,"date":"2021-09-21T16:09:15","date_gmt":"2021-09-21T21:09:15","guid":{"rendered":"https:\/\/lospoliticosveracruz.com.mx\/?p=79707"},"modified":"2021-09-21T16:09:18","modified_gmt":"2021-09-21T21:09:18","slug":"para-que-no-haya-pierde","status":"publish","type":"post","link":"https:\/\/lospoliticosveracruz.com.mx\/?p=79707","title":{"rendered":"Para que no haya pierde!"},"content":{"rendered":"\n<p><\/p>\n\n\n\n<p><strong>C\u00f3rdoba<\/strong><br>El titular del \u00d3rgano de Control Interno del Ayuntamiento de C\u00f3rdoba, Manuel Portuguez D\u00edaz, inform\u00f3 que el proceso de Entrega de la Administraci\u00f3n 2018 &#8211; 2021 se har\u00e1 de manera digital y f\u00edsica, de conformidad a lo establecido en la Ley Org\u00e1nica del Municipio Libre y de la Ley de Entrega y Recepci\u00f3n del Poder Ejecutivo y de la Administraci\u00f3n P\u00fablica Municipal.<\/p>\n\n\n\n<p>En sesi\u00f3n de trabajo del Comit\u00e9 de Entrega de la Administraci\u00f3n 2018 &#8211; 2021, Portuguez D\u00edaz resalt\u00f3 que todas las \u00e1reas municipales trabajan en la digitalizaci\u00f3n de sus archivos para cumplir con lo establecido en el ordenamiento legal, as\u00ed como realizar una entrega de manera transparente y eficiente que permita a la comuna entrante iniciar actividades sin dilaci\u00f3n.<\/p>\n\n\n\n<p>\u201cLa Ley Org\u00e1nica del Municipio Libre y la Ley de Entrega y Recepci\u00f3n nos mandata que la entrega debe ser de manera digital y f\u00edsica y es en lo que se trabaja, vamos muy avanzados, las \u00e1reas est\u00e1n trabajando, est\u00e1n cooperando. Estamos seguros que vamos a cumplir con el 100 por ciento de lo que marca la ley\u201d, dijo.<\/p>\n\n\n\n<p>El servidor p\u00fablico precis\u00f3 que durante el mes de octubre las actuales autoridades municipales deber\u00e1n realizar, adem\u00e1s de otra reuni\u00f3n de seguimiento, un simulacro del proceso de entrega, de acuerdo a lo se\u00f1alado en el Art. 15 de la Ley de Entrega-Recepci\u00f3n a fin de supervisar que se cumpla todo el proceso.<\/p>\n","protected":false},"excerpt":{"rendered":"<p>C\u00f3rdobaEl titular del \u00d3rgano de Control Interno del Ayuntamiento de C\u00f3rdoba, Manuel Portuguez D\u00edaz, inform\u00f3 que el proceso de Entrega de la Administraci\u00f3n 2018 &#8211; 2021 se har\u00e1 de manera digital y f\u00edsica, de conformidad a lo establecido en la Ley Org\u00e1nica del Municipio Libre y de la Ley de Entrega y Recepci\u00f3n del Poder [&hellip;]<\/p>\n","protected":false},"author":2,"featured_media":0,"comment_status":"closed","ping_status":"closed","sticky":false,"template":"","format":"standard","meta":{"_jetpack_newsletter_access":"","_jetpack_dont_email_post_to_subs":false,"_jetpack_newsletter_tier_id":0,"_jetpack_memberships_contains_paywalled_content":false,"_jetpack_memberships_contains_paid_content":false,"footnotes":""},"categories":[73],"tags":[751,6731,7641,30495],"class_list":["post-79707","post","type-post","status-publish","format-standard","hentry","category-de-boleto","tag-cordoba","tag-entrega-recepcion","tag-leticia-lopez-landero","tag-manuel-portuguez-diaz-3"],"jetpack_featured_media_url":"","jetpack_sharing_enabled":true,"jetpack_shortlink":"https:\/\/wp.me\/p4Qcd3-kJB","_links":{"self":[{"href":"https:\/\/lospoliticosveracruz.com.mx\/index.php?rest_route=\/wp\/v2\/posts\/79707","targetHints":{"allow":["GET"]}}],"collection":[{"href":"https:\/\/lospoliticosveracruz.com.mx\/index.php?rest_route=\/wp\/v2\/posts"}],"about":[{"href":"https:\/\/lospoliticosveracruz.com.mx\/index.php?rest_route=\/wp\/v2\/types\/post"}],"author":[{"embeddable":true,"href":"https:\/\/lospoliticosveracruz.com.mx\/index.php?rest_route=\/wp\/v2\/users\/2"}],"replies":[{"embeddable":true,"href":"https:\/\/lospoliticosveracruz.com.mx\/index.php?rest_route=%2Fwp%2Fv2%2Fcomments&post=79707"}],"version-history":[{"count":1,"href":"https:\/\/lospoliticosveracruz.com.mx\/index.php?rest_route=\/wp\/v2\/posts\/79707\/revisions"}],"predecessor-version":[{"id":79709,"href":"https:\/\/lospoliticosveracruz.com.mx\/index.php?rest_route=\/wp\/v2\/posts\/79707\/revisions\/79709"}],"wp:attachment":[{"href":"https:\/\/lospoliticosveracruz.com.mx\/index.php?rest_route=%2Fwp%2Fv2%2Fmedia&parent=79707"}],"wp:term":[{"taxonomy":"category","embeddable":true,"href":"https:\/\/lospoliticosveracruz.com.mx\/index.php?rest_route=%2Fwp%2Fv2%2Fcategories&post=79707"},{"taxonomy":"post_tag","embeddable":true,"href":"https:\/\/lospoliticosveracruz.com.mx\/index.php?rest_route=%2Fwp%2Fv2%2Ftags&post=79707"}],"curies":[{"name":"wp","href":"https:\/\/api.w.org\/{rel}","templated":true}]}}