{"id":79937,"date":"2021-09-27T17:38:23","date_gmt":"2021-09-27T22:38:23","guid":{"rendered":"https:\/\/lospoliticosveracruz.com.mx\/?p=79937"},"modified":"2021-09-28T10:18:10","modified_gmt":"2021-09-28T15:18:10","slug":"haran-famosa-a-toxpan","status":"publish","type":"post","link":"https:\/\/lospoliticosveracruz.com.mx\/?p=79937","title":{"rendered":"Har\u00e1n famosa a Toxpan!"},"content":{"rendered":"\n<p><strong>C\u00f3rdoba<\/strong><br>La presidenta municipal de C\u00f3rdoba, Leticia L\u00f3pez Landero, y la titular de la secretar\u00eda de turismo estatal, X\u00f3chitl Arbes\u00fa Lago, se\u00f1alaron que la donaci\u00f3n temporal de la exhacienda Toxpan a favor del gobierno de Veracruz permitir\u00e1 una mezcla de recursos t\u00e9cnicos, humanos y econ\u00f3micos que impulsar\u00e1 su promoci\u00f3n y mantenimiento.<\/p>\n\n\n\n<p>La Mun\u00edcipe se\u00f1al\u00f3 que con el apoyo del Cabildo del Ayuntamiento de C\u00f3rdoba se logr\u00f3 la donaci\u00f3n temporal, situaci\u00f3n que beneficiar\u00e1 no s\u00f3lo al inmueble sino al municipio, ya que la promoci\u00f3n que recibir\u00e1 ese sitio hist\u00f3rico atraer\u00e1 turismo.<\/p>\n\n\n\n<p>\u201cGracias al Cabildo podremos poner en marcha los proyectos e ideas del gobierno del estado a desarrollarse en la Exhacienda. Yo agradezco que quieran invertir en nuestro municipio para que C\u00f3rdoba crezca\u201d, destac\u00f3 L\u00f3pez Landero.<\/p>\n\n\n\n<p>Arbes\u00fa Lago indic\u00f3 que a partir de la donaci\u00f3n, el gobierno de Veracruz integrar\u00e1 a la exhacienda a un catalogo de sitios ic\u00f3nicos lo que facilitar\u00e1 el proceso administrativo para que sea de las primeras marcas de centros culturales a ser promocionadas.<\/p>\n\n\n\n<p>\u201cAgradezco al Cabildo tomar esta petici\u00f3n. Han hecho un trabajo muy importante de rescate y mantenimiento, queremos que siga estando a disposici\u00f3n de las y los cordobeses, y al mismo tiempo darle protecci\u00f3n y promoci\u00f3n en coordinaci\u00f3n con la Federaci\u00f3n\u201d, puntualiz\u00f3 la titular de turismo estatal.<\/p>\n\n\n\n<p>Dijo que a partir del cat\u00e1logo de sitios ic\u00f3nicos, se facilitar\u00e1 el desarrollo de un programa de proyecci\u00f3n estatal y nacional, en el marco del ejercicio presupuestal para el a\u00f1o 2022. Afirm\u00f3 que habr\u00e1 total coordinaci\u00f3n entre los tres \u00f3rdenes de gobierno para promover que se etiqueten recursos para la operaci\u00f3n, mantenimiento y promoci\u00f3n del sitio.<\/p>\n\n\n\n<p>\u201cToxpan seguir\u00e1 siendo de las y los cordobeses. Continuar\u00e1 representado la riqueza hist\u00f3rica de nuestra tierra y seguir\u00e1 sirviendo a las familias locales. Lo que estamos haciendo es acordar un proceso administrativo que le brinde certeza a la operaci\u00f3n y mantenimiento de este bello inmueble\u201d, dijo la Presidenta Municipal.<\/p>\n\n\n\n<p>F\u00e9lix Emilio Sacre Luna, regidor s\u00e9ptimo del Ayuntamiento de C\u00f3rdoba, puntualiz\u00f3 que est\u00e1 donaci\u00f3n ser\u00e1 \u00fanicamente por dos a\u00f1os y que el gobierno municipal podr\u00e1 rescindir este si no se cumple con lo proyectado.<\/p>\n\n\n\n<p>L\u00f3pez Landero anunci\u00f3 que la pr\u00f3xima semana se recibir\u00e1 en C\u00f3rdoba al embajador de Panam\u00e1 en M\u00e9xico, Alfredo Armando Oranges Bustos, con la finalidad de crear lazos con esa naci\u00f3n a partir de un pasado com\u00fan.<\/p>\n","protected":false},"excerpt":{"rendered":"<p>C\u00f3rdobaLa presidenta municipal de C\u00f3rdoba, Leticia L\u00f3pez Landero, y la titular de la secretar\u00eda de turismo estatal, X\u00f3chitl Arbes\u00fa Lago, se\u00f1alaron que la donaci\u00f3n temporal de la exhacienda Toxpan a favor del gobierno de Veracruz permitir\u00e1 una mezcla de recursos t\u00e9cnicos, humanos y econ\u00f3micos que impulsar\u00e1 su promoci\u00f3n y mantenimiento. La Mun\u00edcipe se\u00f1al\u00f3 que con [&hellip;]<\/p>\n","protected":false},"author":2,"featured_media":0,"comment_status":"closed","ping_status":"closed","sticky":false,"template":"","format":"standard","meta":{"_jetpack_newsletter_access":"","_jetpack_dont_email_post_to_subs":false,"_jetpack_newsletter_tier_id":0,"_jetpack_memberships_contains_paywalled_content":false,"_jetpack_memberships_contains_paid_content":false,"footnotes":""},"categories":[73],"tags":[751,30585,2932,7641,12607],"class_list":["post-79937","post","type-post","status-publish","format-standard","hentry","category-de-boleto","tag-cordoba","tag-exhacienda-toxpan","tag-gobierno-de-veracruz","tag-leticia-lopez-landero","tag-xochitl-arbesu-lago"],"jetpack_featured_media_url":"","jetpack_sharing_enabled":true,"jetpack_shortlink":"https:\/\/wp.me\/p4Qcd3-kNj","_links":{"self":[{"href":"https:\/\/lospoliticosveracruz.com.mx\/index.php?rest_route=\/wp\/v2\/posts\/79937","targetHints":{"allow":["GET"]}}],"collection":[{"href":"https:\/\/lospoliticosveracruz.com.mx\/index.php?rest_route=\/wp\/v2\/posts"}],"about":[{"href":"https:\/\/lospoliticosveracruz.com.mx\/index.php?rest_route=\/wp\/v2\/types\/post"}],"author":[{"embeddable":true,"href":"https:\/\/lospoliticosveracruz.com.mx\/index.php?rest_route=\/wp\/v2\/users\/2"}],"replies":[{"embeddable":true,"href":"https:\/\/lospoliticosveracruz.com.mx\/index.php?rest_route=%2Fwp%2Fv2%2Fcomments&post=79937"}],"version-history":[{"count":2,"href":"https:\/\/lospoliticosveracruz.com.mx\/index.php?rest_route=\/wp\/v2\/posts\/79937\/revisions"}],"predecessor-version":[{"id":79973,"href":"https:\/\/lospoliticosveracruz.com.mx\/index.php?rest_route=\/wp\/v2\/posts\/79937\/revisions\/79973"}],"wp:attachment":[{"href":"https:\/\/lospoliticosveracruz.com.mx\/index.php?rest_route=%2Fwp%2Fv2%2Fmedia&parent=79937"}],"wp:term":[{"taxonomy":"category","embeddable":true,"href":"https:\/\/lospoliticosveracruz.com.mx\/index.php?rest_route=%2Fwp%2Fv2%2Fcategories&post=79937"},{"taxonomy":"post_tag","embeddable":true,"href":"https:\/\/lospoliticosveracruz.com.mx\/index.php?rest_route=%2Fwp%2Fv2%2Ftags&post=79937"}],"curies":[{"name":"wp","href":"https:\/\/api.w.org\/{rel}","templated":true}]}}