{"id":79940,"date":"2021-09-27T19:24:52","date_gmt":"2021-09-28T00:24:52","guid":{"rendered":"https:\/\/lospoliticosveracruz.com.mx\/?p=79940"},"modified":"2021-09-27T19:24:56","modified_gmt":"2021-09-28T00:24:56","slug":"van-6-millones-de-picados","status":"publish","type":"post","link":"https:\/\/lospoliticosveracruz.com.mx\/?p=79940","title":{"rendered":"Van 6 millones de picados!"},"content":{"rendered":"\n<p><\/p>\n\n\n\n<p><strong>Xalapa<br><\/strong>El Delegado de Programas para el Desarrollo, Manuel Huerta Ladr\u00f3n de Guevara, coment\u00f3 que los menores de edad que presenten comorbilidades podr\u00e1n registrarse a partir del 28 de septiembre en la plataforma de la Secretar\u00eda de Salud para que reciban su vacuna contra la COVID-19, y destac\u00f3 que hasta el momento se han aplicado 6 millones de dosis al pueblo veracruzano.<\/p>\n\n\n\n<p>Huerta se\u00f1al\u00f3 que en Poza Rica y los dem\u00e1s municipios donde vacunan a los j\u00f3venes de 18 a 29 a\u00f1os, han sido exitosas las jornadas y destac\u00f3 la organizaci\u00f3n y eficiencia de los Servidores de la Naci\u00f3n en la atenci\u00f3n a la ciudadan\u00eda y, en general, la colaboraci\u00f3n de la poblaci\u00f3n. Dijo que esto se puede observar con el regreso a las actividades productivas, las clases presenciales e inclusive, en las actividades recreativas.<\/p>\n\n\n\n<p>Asegur\u00f3 que estas acciones fortalecen la meta de cumplir para el 31 de octubre la vacunaci\u00f3n al menos en primera dosis a toda la poblaci\u00f3n. Asimismo, coment\u00f3 que para noviembre-diciembre se completar\u00e1n los cuadros de inmunizaci\u00f3n, debido a los tiempos que maneja cada dosis, sobre todo a los que recibieron el biol\u00f3gico de Astra-Zeneca.<\/p>\n\n\n\n<p>En otro orden, anunci\u00f3 que a partir de este martes 28 de septiembre comenzar\u00e1 la inscripci\u00f3n en la plataforma para que j\u00f3venes de 12 a 17 a\u00f1os que presenten comorbilidades puedan acceder a su vacunaci\u00f3n; para estos casos las autoridades sanitarias generar\u00e1n los protocolos pertinentes para corroborar que las personas inscritas efectivamente presenten este trastorno. Adem\u00e1s, dijo que los menores que no presentan padecimientos, no ser\u00e1n vacunados hasta que haya un consenso cient\u00edfico que lo avale.<\/p>\n\n\n\n<p>El funcionario tambi\u00e9n destac\u00f3 que hasta el momento se han aplicado alrededor de 6 millones de vacunas entre primeras y segundas dosis a las diferentes generaciones del pueblo veracruzano, y se\u00f1al\u00f3 que restan 73 municipios para cubrir en su totalidad la atenci\u00f3n a los j\u00f3venes de 18 a 29 a\u00f1os.<\/p>\n\n\n\n<p>Finalmente, pidi\u00f3 a la poblaci\u00f3n no bajar la guardia, que contin\u00faen tomando las medidas de higiene recomendadas, porque la vacuna no elimina la posibilidad de contagio, pero s\u00ed asegura que se reduzcan las complicaciones, hospitalizaciones y desenlaces fatales.<\/p>\n","protected":false},"excerpt":{"rendered":"<p>XalapaEl Delegado de Programas para el Desarrollo, Manuel Huerta Ladr\u00f3n de Guevara, coment\u00f3 que los menores de edad que presenten comorbilidades podr\u00e1n registrarse a partir del 28 de septiembre en la plataforma de la Secretar\u00eda de Salud para que reciban su vacuna contra la COVID-19, y destac\u00f3 que hasta el momento se han aplicado 6 [&hellip;]<\/p>\n","protected":false},"author":2,"featured_media":0,"comment_status":"closed","ping_status":"closed","sticky":false,"template":"","format":"standard","meta":{"_jetpack_newsletter_access":"","_jetpack_dont_email_post_to_subs":false,"_jetpack_newsletter_tier_id":0,"_jetpack_memberships_contains_paywalled_content":false,"_jetpack_memberships_contains_paid_content":false,"footnotes":""},"categories":[6446],"tags":[30586,24868,1850,6582,195],"class_list":["post-79940","post","type-post","status-publish","format-standard","hentry","category-la-nota","tag-comorbilidades","tag-inmunizacion","tag-manuel-huerta-ladron-de-guevara","tag-vacunas","tag-veracruz"],"jetpack_featured_media_url":"","jetpack_sharing_enabled":true,"jetpack_shortlink":"https:\/\/wp.me\/p4Qcd3-kNm","_links":{"self":[{"href":"https:\/\/lospoliticosveracruz.com.mx\/index.php?rest_route=\/wp\/v2\/posts\/79940","targetHints":{"allow":["GET"]}}],"collection":[{"href":"https:\/\/lospoliticosveracruz.com.mx\/index.php?rest_route=\/wp\/v2\/posts"}],"about":[{"href":"https:\/\/lospoliticosveracruz.com.mx\/index.php?rest_route=\/wp\/v2\/types\/post"}],"author":[{"embeddable":true,"href":"https:\/\/lospoliticosveracruz.com.mx\/index.php?rest_route=\/wp\/v2\/users\/2"}],"replies":[{"embeddable":true,"href":"https:\/\/lospoliticosveracruz.com.mx\/index.php?rest_route=%2Fwp%2Fv2%2Fcomments&post=79940"}],"version-history":[{"count":1,"href":"https:\/\/lospoliticosveracruz.com.mx\/index.php?rest_route=\/wp\/v2\/posts\/79940\/revisions"}],"predecessor-version":[{"id":79942,"href":"https:\/\/lospoliticosveracruz.com.mx\/index.php?rest_route=\/wp\/v2\/posts\/79940\/revisions\/79942"}],"wp:attachment":[{"href":"https:\/\/lospoliticosveracruz.com.mx\/index.php?rest_route=%2Fwp%2Fv2%2Fmedia&parent=79940"}],"wp:term":[{"taxonomy":"category","embeddable":true,"href":"https:\/\/lospoliticosveracruz.com.mx\/index.php?rest_route=%2Fwp%2Fv2%2Fcategories&post=79940"},{"taxonomy":"post_tag","embeddable":true,"href":"https:\/\/lospoliticosveracruz.com.mx\/index.php?rest_route=%2Fwp%2Fv2%2Ftags&post=79940"}],"curies":[{"name":"wp","href":"https:\/\/api.w.org\/{rel}","templated":true}]}}