{"id":80077,"date":"2021-09-30T11:49:12","date_gmt":"2021-09-30T16:49:12","guid":{"rendered":"https:\/\/lospoliticosveracruz.com.mx\/?p=80077"},"modified":"2021-09-30T11:49:15","modified_gmt":"2021-09-30T16:49:15","slug":"ya-aparecieron-las-joyas-de-las-merlin","status":"publish","type":"post","link":"https:\/\/lospoliticosveracruz.com.mx\/?p=80077","title":{"rendered":"Ya aparecieron las joyas de las Merl\u00edn!"},"content":{"rendered":"\n<p><\/p>\n\n\n\n<p><\/p>\n\n\n\n<p>Xalapa<br>El gobernador Cuitl\u00e1huac Garc\u00eda Jim\u00e9nez, dijo que es falso que se hayan robado las pertenencias de la exdiputada local Gladys Merlin Castro, decomisadas a los presuntos feminicidas, \u00abel bot\u00edn est\u00e1 registrado, intacto y forma parte de las diligencias\u00bb.<br>Pidi\u00f3 Emigdio Merlin buscar los canales legales para obtener la informaci\u00f3n sobre el tema.<br>\u00abSiendo el hijo como parte cercana a las v\u00edctimas, tiene que buscar las formas legales, no puede ser a trav\u00e9s de una entrevista con un servidor, con la Fiscal, c\u00f3mo se pretende est\u00e1 en el proceso\u00bb, dijo el gobernador Cuitl\u00e1huac Garc\u00eda Jim\u00e9nez.<br>En conferencia de prensa, el mandatario estatal, explic\u00f3 que desde el lamentable hecho la Fiscal general del estado Ver\u00f3nica Hern\u00e1ndez Giadans tom\u00f3 el caso y ya se detuvieron a todos los involucrados en el doble feminicidio de Gladys Merlin y su hija Carla Enr\u00edquez.<br>Emigdio Enr\u00edquez Merl\u00edn, pidi\u00f3 a la Fiscal Ver\u00f3nica Hern\u00e1ndez Giadans, informaci\u00f3n sobre el paradero de las pertenencias que fueron robadas el d\u00eda del doble feminicidio y que fueron localizadas en un terreno de Catemaco donde las escondieron los presuntos homicidas, mismas que se las han reportado como desaparecidas.<br>En ese sentido, el gobernador Cuitl\u00e1huac Garc\u00eda, explic\u00f3 que desde el lamentable hecho, la Fiscal tom\u00f3 personalmente el caso, los resultados est\u00e1n a la vista, se detuvieron a todos los involucrados en el homicidio.<br>De ah\u00ed que el proceso judicial se sigue \u00abno olvidemos que los presuntos responsables son eso hasta la sentencia del juez, el proceso judicial es largo y as\u00ed est\u00e1 estipulado en la ley\u00bb.<\/p>\n","protected":false},"excerpt":{"rendered":"<p>XalapaEl gobernador Cuitl\u00e1huac Garc\u00eda Jim\u00e9nez, dijo que es falso que se hayan robado las pertenencias de la exdiputada local Gladys Merlin Castro, decomisadas a los presuntos feminicidas, \u00abel bot\u00edn est\u00e1 registrado, intacto y forma parte de las diligencias\u00bb.Pidi\u00f3 Emigdio Merlin buscar los canales legales para obtener la informaci\u00f3n sobre el tema.\u00abSiendo el hijo como parte [&hellip;]<\/p>\n","protected":false},"author":2,"featured_media":0,"comment_status":"closed","ping_status":"closed","sticky":false,"template":"","format":"standard","meta":{"_jetpack_newsletter_access":"","_jetpack_dont_email_post_to_subs":false,"_jetpack_newsletter_tier_id":0,"_jetpack_memberships_contains_paywalled_content":false,"_jetpack_memberships_contains_paid_content":false,"footnotes":""},"categories":[6446],"tags":[10822,1563,30630,826,13379,30629,15165],"class_list":["post-80077","post","type-post","status-publish","format-standard","hentry","category-la-nota","tag-carla-enriquez-merlin","tag-cuitlahuac-garcia-jimenez","tag-emigdio-merlin","tag-feminicidios","tag-fiscalia-de-veracruz","tag-gladys-merlin-castro-2","tag-veronica-hernandez-giadans"],"jetpack_featured_media_url":"","jetpack_sharing_enabled":true,"jetpack_shortlink":"https:\/\/wp.me\/p4Qcd3-kPz","_links":{"self":[{"href":"https:\/\/lospoliticosveracruz.com.mx\/index.php?rest_route=\/wp\/v2\/posts\/80077","targetHints":{"allow":["GET"]}}],"collection":[{"href":"https:\/\/lospoliticosveracruz.com.mx\/index.php?rest_route=\/wp\/v2\/posts"}],"about":[{"href":"https:\/\/lospoliticosveracruz.com.mx\/index.php?rest_route=\/wp\/v2\/types\/post"}],"author":[{"embeddable":true,"href":"https:\/\/lospoliticosveracruz.com.mx\/index.php?rest_route=\/wp\/v2\/users\/2"}],"replies":[{"embeddable":true,"href":"https:\/\/lospoliticosveracruz.com.mx\/index.php?rest_route=%2Fwp%2Fv2%2Fcomments&post=80077"}],"version-history":[{"count":1,"href":"https:\/\/lospoliticosveracruz.com.mx\/index.php?rest_route=\/wp\/v2\/posts\/80077\/revisions"}],"predecessor-version":[{"id":80079,"href":"https:\/\/lospoliticosveracruz.com.mx\/index.php?rest_route=\/wp\/v2\/posts\/80077\/revisions\/80079"}],"wp:attachment":[{"href":"https:\/\/lospoliticosveracruz.com.mx\/index.php?rest_route=%2Fwp%2Fv2%2Fmedia&parent=80077"}],"wp:term":[{"taxonomy":"category","embeddable":true,"href":"https:\/\/lospoliticosveracruz.com.mx\/index.php?rest_route=%2Fwp%2Fv2%2Fcategories&post=80077"},{"taxonomy":"post_tag","embeddable":true,"href":"https:\/\/lospoliticosveracruz.com.mx\/index.php?rest_route=%2Fwp%2Fv2%2Ftags&post=80077"}],"curies":[{"name":"wp","href":"https:\/\/api.w.org\/{rel}","templated":true}]}}