{"id":80132,"date":"2021-10-01T13:36:55","date_gmt":"2021-10-01T18:36:55","guid":{"rendered":"https:\/\/lospoliticosveracruz.com.mx\/?p=80132"},"modified":"2021-10-01T13:37:00","modified_gmt":"2021-10-01T18:37:00","slug":"xalachavos-va-la-segunda-dosis","status":"publish","type":"post","link":"https:\/\/lospoliticosveracruz.com.mx\/?p=80132","title":{"rendered":"Xalachavos, va la segunda dosis!"},"content":{"rendered":"\n<p><\/p>\n\n\n\n<p><strong>Xalapa<br><\/strong>El delegado de los programas de Bienestar, Manuel Huerta Ladr\u00f3n de Guevara, inform\u00f3 que el pr\u00f3ximo lunes inicia la aplicaci\u00f3n de segundas dosis de vacunas contra COVID-19 para los j\u00f3venes de 18 a 30 a\u00f1os en Xalapa con la marca Pfizer y posteriormente llegar\u00eda al puerto de Veracruz.<br>Este fin de semana se recibir\u00e1n 200 mil dosis que se destinar\u00e1n a los municipios restantes para concluir el 31 de octubre con la vacunaci\u00f3n en todos los municipios, algunos en primeras dosis y la mayor\u00eda para concluir las segundas.<br>\u00abLa vacuna que viene pr\u00f3ximamente ser\u00e1 vacuna CanSino, que nos permitir\u00e1 desplazarnos en los 59 municipios restantes para concluir la vacunaci\u00f3n en Veracruz en tiempo y forma\u00bb.<br>El delegado de los programas de Bienestar, precis\u00f3 que este viernes en esta capital se realiza el registro para la incorporaci\u00f3n de adultos mayores a 65 a\u00f1os al programa de pensiones, que seguir\u00e1 durante este mes.<\/p>\n","protected":false},"excerpt":{"rendered":"<p>XalapaEl delegado de los programas de Bienestar, Manuel Huerta Ladr\u00f3n de Guevara, inform\u00f3 que el pr\u00f3ximo lunes inicia la aplicaci\u00f3n de segundas dosis de vacunas contra COVID-19 para los j\u00f3venes de 18 a 30 a\u00f1os en Xalapa con la marca Pfizer y posteriormente llegar\u00eda al puerto de Veracruz.Este fin de semana se recibir\u00e1n 200 mil [&hellip;]<\/p>\n","protected":false},"author":2,"featured_media":80133,"comment_status":"closed","ping_status":"closed","sticky":false,"template":"","format":"standard","meta":{"_jetpack_newsletter_access":"","_jetpack_dont_email_post_to_subs":false,"_jetpack_newsletter_tier_id":0,"_jetpack_memberships_contains_paywalled_content":false,"_jetpack_memberships_contains_paid_content":false,"footnotes":""},"categories":[6446],"tags":[17020,27437,26577,1850,26586,19347,6582,195,96],"class_list":["post-80132","post","type-post","status-publish","format-standard","has-post-thumbnail","hentry","category-la-nota","tag-bienestar","tag-cansino","tag-covid-19-2","tag-manuel-huerta-ladron-de-guevara","tag-pfizer","tag-vacunacion","tag-vacunas","tag-veracruz","tag-xalapa"],"jetpack_featured_media_url":"https:\/\/lospoliticosveracruz.com.mx\/wp-content\/uploads\/2021\/10\/Manuel-Huerta.jpg","jetpack_sharing_enabled":true,"jetpack_shortlink":"https:\/\/wp.me\/p4Qcd3-kQs","_links":{"self":[{"href":"https:\/\/lospoliticosveracruz.com.mx\/index.php?rest_route=\/wp\/v2\/posts\/80132","targetHints":{"allow":["GET"]}}],"collection":[{"href":"https:\/\/lospoliticosveracruz.com.mx\/index.php?rest_route=\/wp\/v2\/posts"}],"about":[{"href":"https:\/\/lospoliticosveracruz.com.mx\/index.php?rest_route=\/wp\/v2\/types\/post"}],"author":[{"embeddable":true,"href":"https:\/\/lospoliticosveracruz.com.mx\/index.php?rest_route=\/wp\/v2\/users\/2"}],"replies":[{"embeddable":true,"href":"https:\/\/lospoliticosveracruz.com.mx\/index.php?rest_route=%2Fwp%2Fv2%2Fcomments&post=80132"}],"version-history":[{"count":1,"href":"https:\/\/lospoliticosveracruz.com.mx\/index.php?rest_route=\/wp\/v2\/posts\/80132\/revisions"}],"predecessor-version":[{"id":80134,"href":"https:\/\/lospoliticosveracruz.com.mx\/index.php?rest_route=\/wp\/v2\/posts\/80132\/revisions\/80134"}],"wp:featuredmedia":[{"embeddable":true,"href":"https:\/\/lospoliticosveracruz.com.mx\/index.php?rest_route=\/wp\/v2\/media\/80133"}],"wp:attachment":[{"href":"https:\/\/lospoliticosveracruz.com.mx\/index.php?rest_route=%2Fwp%2Fv2%2Fmedia&parent=80132"}],"wp:term":[{"taxonomy":"category","embeddable":true,"href":"https:\/\/lospoliticosveracruz.com.mx\/index.php?rest_route=%2Fwp%2Fv2%2Fcategories&post=80132"},{"taxonomy":"post_tag","embeddable":true,"href":"https:\/\/lospoliticosveracruz.com.mx\/index.php?rest_route=%2Fwp%2Fv2%2Ftags&post=80132"}],"curies":[{"name":"wp","href":"https:\/\/api.w.org\/{rel}","templated":true}]}}