{"id":80156,"date":"2021-10-02T12:53:58","date_gmt":"2021-10-02T17:53:58","guid":{"rendered":"https:\/\/lospoliticosveracruz.com.mx\/?p=80156"},"modified":"2021-10-02T12:54:02","modified_gmt":"2021-10-02T17:54:02","slug":"jalon-de-orejas-a-salud","status":"publish","type":"post","link":"https:\/\/lospoliticosveracruz.com.mx\/?p=80156","title":{"rendered":"Jal\u00f3n de orejas a Salud!"},"content":{"rendered":"\n<p><\/p>\n\n\n\n<p><strong>Xalapa<\/strong><br>El pleno del Instituto Veracruzano de Acceso a la Informaci\u00f3n y Protecci\u00f3n de Datos Personales (IVAI) incluy\u00f3 criterios de perspectiva de g\u00e9nero y de mayor beneficio de la persona considerando sus condiciones socioecon\u00f3micas al resolver un recurso de revisi\u00f3n de datos datos personales, con el que se obliga a la Secretar\u00eda de Salud a proporcionar, en modalidad gratuita, copias certificadas de la informaci\u00f3n solicitada.<\/p>\n\n\n\n<p>Lo anterior al resolver el recurso de revisi\u00f3n IVAI-REV-DP\/0007\/2021\/I, promovido por un particular que solicit\u00f3 copias certificadas de su expediente cl\u00ednico, que se integr\u00f3 por las lesiones que sufri\u00f3 en un accidente de tr\u00e1nsito, y pidi\u00f3 que le fueran enviadas a su domicilio, ya que no cuenta con servicio de seguro, asistencia social, y no percibe ingresos.<\/p>\n\n\n\n<p>La comisionada presidenta Naldy Patricia Rodr\u00edguez Lagunes explic\u00f3 que la Secretar\u00eda de Salud respondi\u00f3 a la solicitante que, para entregar las copias certificadas, deb\u00eda realizar el pago de 5 mil 519 pesos, correspondientes a las 202 hojas que integran el expediente cl\u00ednico.<\/p>\n\n\n\n<p>Sin embargo, al analizar el expediente, se advirti\u00f3 que a\u00fan cuando la solicitante se\u00f1al\u00f3 ser mujer, ama de casa y acredit\u00f3 no contar con recursos econ\u00f3micos, mediante \u201cConstancia de Vigencia de No Derechohabiencia\u201d y habitar en una localidad de alto grado de marginaci\u00f3n, el sujeto obligado no visibiliz\u00f3 los factores de desventaja socioecon\u00f3mica, y al no proporcionarle las copias certificadas de forma gratuita, se le est\u00e1 discriminando.<\/p>\n\n\n\n<p>La Secretar\u00eda de Salud debi\u00f3 analizar el art\u00edculo 1 de la Constituci\u00f3n Federal, as\u00ed como el numeral 69 de la Ley 316 de Daros Personales, donde se establece que las unidades podr\u00e1n exceptuar de pago de reproducci\u00f3n atendiendo la circunstancia socioecon\u00f3mica del solicitante.<\/p>\n\n\n\n<p>En la m\u00e1s reciente Sesi\u00f3n Ordinaria del Pleno, celebrada en modalidad presencial, este \u00f3rgano garante desahog\u00f3 un total de 22 proyectos de resoluci\u00f3n que aglutinan 62 expediente de denuncias por incumplimiento de las obligaciones de transparencia, correspondientes a los a\u00f1os 2019 y 2021.<\/p>\n","protected":false},"excerpt":{"rendered":"<p>XalapaEl pleno del Instituto Veracruzano de Acceso a la Informaci\u00f3n y Protecci\u00f3n de Datos Personales (IVAI) incluy\u00f3 criterios de perspectiva de g\u00e9nero y de mayor beneficio de la persona considerando sus condiciones socioecon\u00f3micas al resolver un recurso de revisi\u00f3n de datos datos personales, con el que se obliga a la Secretar\u00eda de Salud a proporcionar, [&hellip;]<\/p>\n","protected":false},"author":2,"featured_media":0,"comment_status":"closed","ping_status":"closed","sticky":false,"template":"","format":"standard","meta":{"_jetpack_newsletter_access":"","_jetpack_dont_email_post_to_subs":false,"_jetpack_newsletter_tier_id":0,"_jetpack_memberships_contains_paywalled_content":false,"_jetpack_memberships_contains_paid_content":false,"footnotes":""},"categories":[73],"tags":[985,3582,5578,995,1067],"class_list":["post-80156","post","type-post","status-publish","format-standard","hentry","category-de-boleto","tag-ivai","tag-marginacion","tag-naldy-patricia-rodriguez-lagunes","tag-secretaria-de-salud","tag-transparencia"],"jetpack_featured_media_url":"","jetpack_sharing_enabled":true,"jetpack_shortlink":"https:\/\/wp.me\/p4Qcd3-kQQ","_links":{"self":[{"href":"https:\/\/lospoliticosveracruz.com.mx\/index.php?rest_route=\/wp\/v2\/posts\/80156","targetHints":{"allow":["GET"]}}],"collection":[{"href":"https:\/\/lospoliticosveracruz.com.mx\/index.php?rest_route=\/wp\/v2\/posts"}],"about":[{"href":"https:\/\/lospoliticosveracruz.com.mx\/index.php?rest_route=\/wp\/v2\/types\/post"}],"author":[{"embeddable":true,"href":"https:\/\/lospoliticosveracruz.com.mx\/index.php?rest_route=\/wp\/v2\/users\/2"}],"replies":[{"embeddable":true,"href":"https:\/\/lospoliticosveracruz.com.mx\/index.php?rest_route=%2Fwp%2Fv2%2Fcomments&post=80156"}],"version-history":[{"count":1,"href":"https:\/\/lospoliticosveracruz.com.mx\/index.php?rest_route=\/wp\/v2\/posts\/80156\/revisions"}],"predecessor-version":[{"id":80158,"href":"https:\/\/lospoliticosveracruz.com.mx\/index.php?rest_route=\/wp\/v2\/posts\/80156\/revisions\/80158"}],"wp:attachment":[{"href":"https:\/\/lospoliticosveracruz.com.mx\/index.php?rest_route=%2Fwp%2Fv2%2Fmedia&parent=80156"}],"wp:term":[{"taxonomy":"category","embeddable":true,"href":"https:\/\/lospoliticosveracruz.com.mx\/index.php?rest_route=%2Fwp%2Fv2%2Fcategories&post=80156"},{"taxonomy":"post_tag","embeddable":true,"href":"https:\/\/lospoliticosveracruz.com.mx\/index.php?rest_route=%2Fwp%2Fv2%2Ftags&post=80156"}],"curies":[{"name":"wp","href":"https:\/\/api.w.org\/{rel}","templated":true}]}}