{"id":80248,"date":"2021-10-05T13:06:37","date_gmt":"2021-10-05T18:06:37","guid":{"rendered":"https:\/\/lospoliticosveracruz.com.mx\/?p=80248"},"modified":"2021-10-05T13:12:41","modified_gmt":"2021-10-05T18:12:41","slug":"inocultables-crisis-de-la-universidad-publica","status":"publish","type":"post","link":"https:\/\/lospoliticosveracruz.com.mx\/?p=80248","title":{"rendered":"Inocultables crisis de la Universidad P\u00fablica"},"content":{"rendered":"\n<p><strong>Rafael Arias Hern\u00e1ndez<\/strong><\/p>\n\n\n\n<p><em>Mutatis mutandis.<br><\/em><\/p>\n\n\n\n<p>No se nace humano. Se nace como lo que somos, parte de la zoolog\u00eda del planeta. En principio, todos y cada uno, somos ni m\u00e1s ni menos que animales; con la distinci\u00f3n de que, adem\u00e1s, somos proyectos, ya que lo humano se gana y alcanza, se sostiene y fortalece, con el esfuerzo individual y colectivo.<br>Empieza, en el plano familiar y sigue en otros tantos de lo social. Pr\u00e1cticamente, se puede decir que se tiene toda una vida, para aprender a ser y, sobre todo, llevarlo a la pr\u00e1ctica cotidianamente.<\/p>\n\n\n\n<div class=\"wp-block-image\"><figure class=\"alignleft size-large is-resized\"><a href=\"https:\/\/lospoliticosveracruz.com.mx\/wp-content\/uploads\/2021\/10\/WhatsApp-Image-2021-10-02-at-15.20.25.jpeg\"><img decoding=\"async\" src=\"https:\/\/lospoliticosveracruz.com.mx\/wp-content\/uploads\/2021\/10\/WhatsApp-Image-2021-10-02-at-15.20.25-724x1024.jpeg\" alt=\"\" class=\"wp-image-80177\" width=\"350\" srcset=\"https:\/\/lospoliticosveracruz.com.mx\/wp-content\/uploads\/2021\/10\/WhatsApp-Image-2021-10-02-at-15.20.25-724x1024.jpeg 724w, https:\/\/lospoliticosveracruz.com.mx\/wp-content\/uploads\/2021\/10\/WhatsApp-Image-2021-10-02-at-15.20.25-212x300.jpeg 212w, https:\/\/lospoliticosveracruz.com.mx\/wp-content\/uploads\/2021\/10\/WhatsApp-Image-2021-10-02-at-15.20.25-768x1086.jpeg 768w, https:\/\/lospoliticosveracruz.com.mx\/wp-content\/uploads\/2021\/10\/WhatsApp-Image-2021-10-02-at-15.20.25.jpeg 905w\" sizes=\"(max-width: 724px) 100vw, 724px\" \/><\/a><\/figure><\/div>\n\n\n\n<p><br>Visto as\u00ed, debe ser uno de los ejes centrales de la educaci\u00f3n, a todos sus niveles y tipos. Bien se sabe, que lo humano se aprende y se hace, en la pr\u00e1ctica cotidiana, no se obtiene m\u00e1gicamente o por milagro; no viene incluido en el acta de nacimiento, ni se adquiere con m\u00e1s certificados educativos, incluyendo un t\u00edtulo universitario. Ser humano, es siempre intentar serlo. Proyecto en construcci\u00f3n permanente, hasta el \u00faltimo aliento. Ser y hacer lo humano es reto primigenio.<br>As\u00ed, es inaplazable, atender a la sociedad; sobre todo, porque es la que sostiene y apoya a la Universidad P\u00fablica.<br>La responsabilidad social, es parte de sus funciones y obligaciones, y no solo se debe hablar de docencia, investigaci\u00f3n, y extensi\u00f3n o difusi\u00f3n cultural. Es m\u00e1s, se debe incluir tambi\u00e9n, la actualizaci\u00f3n e innovaci\u00f3n tecnol\u00f3gica, y el impulso a la creatividad art\u00edstica y su difusi\u00f3n, como otra funci\u00f3n m\u00e1s. En fin, es imprescindible revisar, actualizar y redefinir, las funciones sustantivas institucionales.<\/p>\n\n\n\n<p><br><strong>NUEVA REALIDAD: RETOS Y OPORTUNIDADES.<br><\/strong>Inocultable, hay que reconocer que la Universidad P\u00fablica enfrenta crisis que le afectan, y trastornan. Podr\u00eda afirmarse, que est\u00e1 en juego, su existencia y buen funcionamiento; la prueba es que algunas de ellas, recurrentemente se paralizan por falta de pago, y otras simulan, solo hacen como que hacen.<br>Bien se sabe que, en todas, se acumulan y complican, viejos y nuevos problemas, que van, desde su consistencia jur\u00eddica actualizada, hasta su cuestionado funcionamiento administrativo y su debilitada situaci\u00f3n financiera.<br>Todo esto aunado, a la inocultable decreciente participaci\u00f3n en la matr\u00edcula, cobertura de admisi\u00f3n y atenci\u00f3n de la educaci\u00f3n superior; a la poca aportaci\u00f3n de descubrimientos cient\u00edficos y registro de patentes; y adem\u00e1s, a su cuestionado alejamiento de los sectores productivos, as\u00ed como a los discutidos niveles de competitividad de egresados, con baja demanda de ocupaci\u00f3n laboral.<br>Ante esta enorme, dif\u00edcil y compleja situaci\u00f3n, habr\u00eda que empezar por identificar las prioridades por atender; adem\u00e1s de simplificar y entender lo que sucede. Para ello, se sugiere empezar an\u00e1lisis y atenci\u00f3n, simult\u00e1neamente en, cuando menos tres frentes:<br>-La actualizaci\u00f3n respecto al Estado de Derecho vigente.<br>-La atenci\u00f3n a la compleja problem\u00e1tica que enfrenta la Universidad P\u00fablica.<br>-La obtenci\u00f3n de los imprescindibles recursos para sostener y expandir, su presencia, influencia y contribuci\u00f3n.<br>Por lo pronto, hay que destacar la presencia y activismo del sindicalismo universitario, representado por la Confederaci\u00f3n Nacional de Trabajadores Universitarios (CONTU), que han llevado a establecer y sostener un dialogo con los encargados de la Subsecretaria de Educaci\u00f3n Superior de la SEP, para atender y resolver, estos inaplazables problemas.<br>El 28 de septiembre de 2021, se llev\u00f3 a cabo una Reuni\u00f3n, con la presencia de m\u00e1s de 60 organizaciones sindicales, llam\u00e1ndose la atenci\u00f3n, a la grave situaci\u00f3n que padecen 13 universidades; situaci\u00f3n, que las lleva, como en otros a\u00f1os, a la suspensi\u00f3n de pagos de sueldos y a una par\u00e1lisis parcial o total.<br>Baste recordar, que en 2018 se tuvieron 9 universidades en crisis; para 2019, fueron 11; y en 2020, se tuvieron 6. As\u00ed que, inevitable atenderlas y buscar soluci\u00f3n a las afectadas, se espera que la afectaci\u00f3n, para los \u00faltimos meses de 2021, pueda llegar a 13 casos.<br>Las consecuencias son conocidas, si decenas de miles de trabajadores no reciben sus sueldos y prestaciones, crece la afectaci\u00f3n a cientos de miles que dependen de estos ingresos. De ah\u00ed, la atenci\u00f3n urgente y prioritaria requerida.<br>Por otro lado, ante la compleja y descontrolada situaci\u00f3n de la educaci\u00f3n superior, hay que mencionar el inicio de algunos esfuerzos: como los orientados a atender a personas con discapacidad; el programa \u00abrechazo cero\u00bb, y la conformaci\u00f3n misma de la consulta nacional en marcha; a este respecto, debe mencionarse, que tendr\u00e1 inicio el 5 de este mes de octubre, con la realizaci\u00f3n de 6 foros regionales, dicha consulta es promovida por la Subsecretaria de Educaci\u00f3n Superior (SES).<br>Adem\u00e1s, sobresalen esfuerzos y avances para integrar el Concejo Nacional para la Coordinaci\u00f3n de la Educaci\u00f3n (CONACE); el Sistema de Evaluaci\u00f3n y Acreditaci\u00f3n; el Sistema de Informaci\u00f3n de la Educaci\u00f3n Superior de Consulta P\u00fablica; y otras acciones, que consideran mayor participaci\u00f3n institucional, de organismos p\u00fablicos, organizaciones universitarias y representaciones sindicales.<br>Por lo pronto, hay que identificar el nuevo marco jur\u00eddico que toda Universidad P\u00fablica, tiene que cumplir y hacer cumplir, tanto el correspondiente al aspecto educativo, como a otros que influyen y determinan funcionamiento y evoluci\u00f3n de la instituci\u00f3n y de sus integrantes, como los derechos humanos, el sistema anticorrupci\u00f3n, la organizaci\u00f3n y desarrollo institucional, etc.<br>As\u00ed, a reserva de ampliar el an\u00e1lisis del tema, habr\u00eda que resaltar que hay que ajustarse cuanto antes, a una reforma constitucional (arts. 3, 31 y 73) y una nueva ley general de educaci\u00f3n superior.<br>Y tambi\u00e9n, organizarse y trabajar para integrar la armonizaci\u00f3n del marco jur\u00eddico en materia educativa de las entidades federativas.<br>En fin, obligatorio enfrentar y atender, crisis, problemas y retos de la Universidad. Mucho por hacer, ni f\u00e1cil ni r\u00e1pido, porque no todas est\u00e1n en igual situaci\u00f3n.<br>Pensamiento cr\u00edtico y actitud constructiva, llevan a la evaluaci\u00f3n objetiva, como obligado punto de partida. Partir de la consideraci\u00f3n de la realidad, de los hechos, condiciones o caracter\u00edsticas del presente y el futuro inmediato.<br>Mientras, a crisis y problemas, hay que agregar los impactos pand\u00e9micos, que agravan y complica todo. Y ni que decir de corrupci\u00f3n y delincuencia, insuficiencia e ineficiencia en las instituciones de educaci\u00f3n superior. Seguiremos\u2026<\/p>\n\n\n\n<p>-Acad\u00e9mico.IIESESUV. Twitter@RafaelAriasH, Facebook:VeracruzHoydeRafaelAriasH<\/p>\n","protected":false},"excerpt":{"rendered":"<p>Rafael Arias Hern\u00e1ndez Mutatis mutandis. No se nace humano. Se nace como lo que somos, parte de la zoolog\u00eda del planeta. En principio, todos y cada uno, somos ni m\u00e1s ni menos que animales; con la distinci\u00f3n de que, adem\u00e1s, somos proyectos, ya que lo humano se gana y alcanza, se sostiene y fortalece, con [&hellip;]<\/p>\n","protected":false},"author":2,"featured_media":80249,"comment_status":"closed","ping_status":"closed","sticky":false,"template":"","format":"standard","meta":{"_jetpack_newsletter_access":"","_jetpack_dont_email_post_to_subs":false,"_jetpack_newsletter_tier_id":0,"_jetpack_memberships_contains_paywalled_content":false,"_jetpack_memberships_contains_paid_content":false,"footnotes":""},"categories":[70],"tags":[30691,15845,30690,8032,6352,30692],"class_list":["post-80248","post","type-post","status-publish","format-standard","has-post-thumbnail","hentry","category-de-opinion","tag-conace","tag-contu","tag-crisis-publica","tag-rafael-arias-hernandez","tag-sep","tag-ses"],"jetpack_featured_media_url":"https:\/\/lospoliticosveracruz.com.mx\/wp-content\/uploads\/2021\/10\/Crisis.jpg","jetpack_sharing_enabled":true,"jetpack_shortlink":"https:\/\/wp.me\/p4Qcd3-kSk","_links":{"self":[{"href":"https:\/\/lospoliticosveracruz.com.mx\/index.php?rest_route=\/wp\/v2\/posts\/80248","targetHints":{"allow":["GET"]}}],"collection":[{"href":"https:\/\/lospoliticosveracruz.com.mx\/index.php?rest_route=\/wp\/v2\/posts"}],"about":[{"href":"https:\/\/lospoliticosveracruz.com.mx\/index.php?rest_route=\/wp\/v2\/types\/post"}],"author":[{"embeddable":true,"href":"https:\/\/lospoliticosveracruz.com.mx\/index.php?rest_route=\/wp\/v2\/users\/2"}],"replies":[{"embeddable":true,"href":"https:\/\/lospoliticosveracruz.com.mx\/index.php?rest_route=%2Fwp%2Fv2%2Fcomments&post=80248"}],"version-history":[{"count":2,"href":"https:\/\/lospoliticosveracruz.com.mx\/index.php?rest_route=\/wp\/v2\/posts\/80248\/revisions"}],"predecessor-version":[{"id":80251,"href":"https:\/\/lospoliticosveracruz.com.mx\/index.php?rest_route=\/wp\/v2\/posts\/80248\/revisions\/80251"}],"wp:featuredmedia":[{"embeddable":true,"href":"https:\/\/lospoliticosveracruz.com.mx\/index.php?rest_route=\/wp\/v2\/media\/80249"}],"wp:attachment":[{"href":"https:\/\/lospoliticosveracruz.com.mx\/index.php?rest_route=%2Fwp%2Fv2%2Fmedia&parent=80248"}],"wp:term":[{"taxonomy":"category","embeddable":true,"href":"https:\/\/lospoliticosveracruz.com.mx\/index.php?rest_route=%2Fwp%2Fv2%2Fcategories&post=80248"},{"taxonomy":"post_tag","embeddable":true,"href":"https:\/\/lospoliticosveracruz.com.mx\/index.php?rest_route=%2Fwp%2Fv2%2Ftags&post=80248"}],"curies":[{"name":"wp","href":"https:\/\/api.w.org\/{rel}","templated":true}]}}