{"id":80252,"date":"2021-10-05T14:24:28","date_gmt":"2021-10-05T19:24:28","guid":{"rendered":"https:\/\/lospoliticosveracruz.com.mx\/?p=80252"},"modified":"2021-10-05T14:24:33","modified_gmt":"2021-10-05T19:24:33","slug":"mediran-fuerza-en-tribunales","status":"publish","type":"post","link":"https:\/\/lospoliticosveracruz.com.mx\/?p=80252","title":{"rendered":"Medir\u00e1n Fuerza en Tribunales!"},"content":{"rendered":"\n<p><\/p>\n\n\n\n<p><\/p>\n\n\n\n<p><strong>Xalapa<\/strong><br>En los tribunales se definir\u00e1 qui\u00e9n queda al frente de Fuerza por M\u00e9xico Veracruz; y es que continua la disputa legal por la dirigencia en el Estado de Veracruz; as\u00ed como, la representaci\u00f3n del mismo.<br>Esta lucha inici\u00f3 luego de que hace varios d\u00edas el INE entreg\u00f3 la certificaci\u00f3n a Jaky Garc\u00eda como presidenta interina de dicho organismo pol\u00edtico en Veracruz; documento fechado en los \u00faltimos d\u00edas del mes de septiembre del a\u00f1o en curso. Por otra parte, hoy se hizo circular un documento en el que el Instituto Nacional Electoral (INE) reconoce a Eduardo Vega Yunes como el l\u00edder en la entidad, supuestamente regres\u00e1ndole los derechos a \u00e9l desde el 29 de agosto del presente a\u00f1o.<br>Sin embargo, el grupo que encabeza Jaqueline Garc\u00eda no ha sido notificado por parte del Instituto Nacional Electoral (INE), y causa suspicacia que el mismo \u00d3rgano Electoral Nacional haya emitido una certificaci\u00f3n a Jaky Garc\u00eda como presidenta interina hace unos d\u00edas.<br>Ahora ser\u00e1n los Tribunales Electorales, los que definan esta situaci\u00f3n y legalmente qui\u00e9n se queda con la dirigencia estatal de Fuerza por M\u00e9xico.<br>Cabe recordar que el partido se mantiene en la entidad, gracias a la votaci\u00f3n obtenida en los 30 distritos y con triunfos de las alcald\u00edas en los municipios, de Magdalena, Miahuatl\u00e1n, Rafael Delgado, Zaragoza y Tenampa. Adem\u00e1s, alcanzaron una diputaci\u00f3n plurinominal en el congreso local.<br>La dirigencia estatal fue entregada a Jaqueline Garc\u00eda Hern\u00e1ndez el 21 de abril, llegando a relevar a Eduardo Vega Yunes, quien renunci\u00f3 a la presidencia del partido, para ser el candidato a diputado federal por Xalapa y figuraba en la lista de plurinominales.<br>Sin embargo, no le alcanz\u00f3 la votaci\u00f3n y perdi\u00f3, por lo que opt\u00f3 por intentar su regreso al cargo de presidente del partido en el Estado.<\/p>\n","protected":false},"excerpt":{"rendered":"<p>XalapaEn los tribunales se definir\u00e1 qui\u00e9n queda al frente de Fuerza por M\u00e9xico Veracruz; y es que continua la disputa legal por la dirigencia en el Estado de Veracruz; as\u00ed como, la representaci\u00f3n del mismo.Esta lucha inici\u00f3 luego de que hace varios d\u00edas el INE entreg\u00f3 la certificaci\u00f3n a Jaky Garc\u00eda como presidenta interina de [&hellip;]<\/p>\n","protected":false},"author":2,"featured_media":0,"comment_status":"closed","ping_status":"closed","sticky":false,"template":"","format":"standard","meta":{"_jetpack_newsletter_access":"","_jetpack_dont_email_post_to_subs":false,"_jetpack_newsletter_tier_id":0,"_jetpack_memberships_contains_paywalled_content":false,"_jetpack_memberships_contains_paid_content":false,"footnotes":""},"categories":[73],"tags":[652,24637,554,15606,11266,27780,1817,195,96],"class_list":["post-80252","post","type-post","status-publish","format-standard","hentry","category-de-boleto","tag-eduardo-vega-yunes","tag-fuerza-por-mexico","tag-ine","tag-jaky-garcia","tag-jaqueline-garcia","tag-jaqueline-garcia-hernandez","tag-plurinominales","tag-veracruz","tag-xalapa"],"jetpack_featured_media_url":"","jetpack_sharing_enabled":true,"jetpack_shortlink":"https:\/\/wp.me\/p4Qcd3-kSo","_links":{"self":[{"href":"https:\/\/lospoliticosveracruz.com.mx\/index.php?rest_route=\/wp\/v2\/posts\/80252","targetHints":{"allow":["GET"]}}],"collection":[{"href":"https:\/\/lospoliticosveracruz.com.mx\/index.php?rest_route=\/wp\/v2\/posts"}],"about":[{"href":"https:\/\/lospoliticosveracruz.com.mx\/index.php?rest_route=\/wp\/v2\/types\/post"}],"author":[{"embeddable":true,"href":"https:\/\/lospoliticosveracruz.com.mx\/index.php?rest_route=\/wp\/v2\/users\/2"}],"replies":[{"embeddable":true,"href":"https:\/\/lospoliticosveracruz.com.mx\/index.php?rest_route=%2Fwp%2Fv2%2Fcomments&post=80252"}],"version-history":[{"count":1,"href":"https:\/\/lospoliticosveracruz.com.mx\/index.php?rest_route=\/wp\/v2\/posts\/80252\/revisions"}],"predecessor-version":[{"id":80254,"href":"https:\/\/lospoliticosveracruz.com.mx\/index.php?rest_route=\/wp\/v2\/posts\/80252\/revisions\/80254"}],"wp:attachment":[{"href":"https:\/\/lospoliticosveracruz.com.mx\/index.php?rest_route=%2Fwp%2Fv2%2Fmedia&parent=80252"}],"wp:term":[{"taxonomy":"category","embeddable":true,"href":"https:\/\/lospoliticosveracruz.com.mx\/index.php?rest_route=%2Fwp%2Fv2%2Fcategories&post=80252"},{"taxonomy":"post_tag","embeddable":true,"href":"https:\/\/lospoliticosveracruz.com.mx\/index.php?rest_route=%2Fwp%2Fv2%2Ftags&post=80252"}],"curies":[{"name":"wp","href":"https:\/\/api.w.org\/{rel}","templated":true}]}}