{"id":80276,"date":"2021-10-05T23:16:00","date_gmt":"2021-10-06T04:16:00","guid":{"rendered":"https:\/\/lospoliticosveracruz.com.mx\/?p=80276"},"modified":"2021-10-05T22:21:08","modified_gmt":"2021-10-06T03:21:08","slug":"delitos-focos-rojos-en-veracruz","status":"publish","type":"post","link":"https:\/\/lospoliticosveracruz.com.mx\/?p=80276","title":{"rendered":"Delitos, focos rojos en Veracruz"},"content":{"rendered":"\n<p><strong>Enrique Yasser Pompeyo<\/strong><\/p>\n\n\n\n<p><em>Mesa de Redacci\u00f3n<br><\/em><\/p>\n\n\n\n<p>En el estado de Veracruz, las autoridades no pueden frenar los diferentes delitos que se registran y que ubican a la entidad entre los diez estados con m\u00e1s casos.<\/p>\n\n\n\n<p>A pesar de los dichos oficiales, los hechos tumban su discurso de papel.<\/p>\n\n\n\n<p>Los datos los dio a conocer la Secretar\u00eda de Marina este martes durante la ma\u00f1anera del presidente en el puerto de Veracruz.<\/p>\n\n\n\n<div class=\"wp-block-image\"><figure class=\"alignleft size-large is-resized\"><a href=\"https:\/\/lospoliticosveracruz.com.mx\/wp-content\/uploads\/2021\/10\/WhatsApp-Image-2021-10-02-at-15.20.25.jpeg\"><img loading=\"lazy\" decoding=\"async\" src=\"https:\/\/lospoliticosveracruz.com.mx\/wp-content\/uploads\/2021\/10\/WhatsApp-Image-2021-10-02-at-15.20.25-724x1024.jpeg\" alt=\"\" class=\"wp-image-80177\" width=\"250\" height=\"350\"\/><\/a><\/figure><\/div>\n\n\n\n<p>En secuestro, la entidad veracruzana ocupa el segundo lugar nacional; en feminicidio, la cuarta posici\u00f3n; en extorsi\u00f3n, el s\u00e9ptimo lugar y en homicidio doloso se ubica en la octava posici\u00f3n.<\/p>\n\n\n\n<p>De acuerdo con la informaci\u00f3n que se dio a conocer con base en los datos del Secretariado Ejecutivo del Sistema Nacional de Seguridad P\u00fablica son diez los municipios que presentan la mayor incidencia delictiva.<\/p>\n\n\n\n<p>En primer lugar est\u00e1 el puerto de Veracruz, le siguen Xalapa, Coatzacoalcos, C\u00f3rdoba, Boca del R\u00edo, Poza Rica, Mart\u00ednez de la Torre, Tuxpan, Orizaba y Minatitl\u00e1n.<\/p>\n\n\n\n<p>Adem\u00e1s, hay otros delitos que mantienen en la zozobra a la poblaci\u00f3n. Contin\u00faa el robo a transportistas y el estado se ubica en la posici\u00f3n diez; en robo a negocio se encuentra en la posici\u00f3n 11 y va al alza.<\/p>\n\n\n\n<p>Tambi\u00e9n se registran casos de robo a transe\u00fante y la entidad est\u00e1 en la posici\u00f3n 13; el robo en transporte ocupa el lugar 15; el homicidio doloso el 17; lesiones dolosas, el lugar 19.<\/p>\n\n\n\n<p>La regi\u00f3n de Coatzacoalcos, dentro del Corredor Interoce\u00e1nico del Istmo de Tehuantepec, tambi\u00e9n cobra relevancia, pues siguen los diferentes hechos delictivos y las autoridades no han logrado frenar a los grupos delincuenciales que ah\u00ed operan.<\/p>\n\n\n\n<p>En la gr\u00e1fica que present\u00f3 la Secretar\u00eda de Marina se observa que en el mes de mayo de este a\u00f1o en dicha regi\u00f3n hubo un total de 510 delitos; en junio, 571; en julio, 594; en agosto aumentaron a 621.<\/p>\n\n\n\n<p>De manera que toda la informaci\u00f3n que dio a conocer la SEMAR dista mucho de los \u201cotros datos\u201d que se han presentado, en los cuales se afirma que la entidad veracruzana es un lugar seguro.<\/p>\n\n\n\n<p>M\u00e1s all\u00e1 de la danza de cifras, los ciudadanos esperan que los tres niveles de gobierno se coordinen para brindar m\u00e1s y mejor seguridad a las familias veracruzanas.<\/p>\n\n\n\n<p>enriquepompeyo@hotmail.com<\/p>\n","protected":false},"excerpt":{"rendered":"<p>Enrique Yasser Pompeyo Mesa de Redacci\u00f3n En el estado de Veracruz, las autoridades no pueden frenar los diferentes delitos que se registran y que ubican a la entidad entre los diez estados con m\u00e1s casos. A pesar de los dichos oficiales, los hechos tumban su discurso de papel. Los datos los dio a conocer la [&hellip;]<\/p>\n","protected":false},"author":2,"featured_media":80278,"comment_status":"closed","ping_status":"closed","sticky":false,"template":"","format":"standard","meta":{"_jetpack_newsletter_access":"","_jetpack_dont_email_post_to_subs":false,"_jetpack_newsletter_tier_id":0,"_jetpack_memberships_contains_paywalled_content":false,"_jetpack_memberships_contains_paid_content":false,"footnotes":""},"categories":[70],"tags":[627,1257,14270,11326,1056,195],"class_list":["post-80276","post","type-post","status-publish","format-standard","has-post-thumbnail","hentry","category-de-opinion","tag-extorsion","tag-feminicidio","tag-mananera","tag-secretaria-de-marina","tag-sistema-nacional-de-seguridad-publica","tag-veracruz"],"jetpack_featured_media_url":"https:\/\/lospoliticosveracruz.com.mx\/wp-content\/uploads\/2021\/10\/Incidencia-delictiva.jpg","jetpack_sharing_enabled":true,"jetpack_shortlink":"https:\/\/wp.me\/p4Qcd3-kSM","_links":{"self":[{"href":"https:\/\/lospoliticosveracruz.com.mx\/index.php?rest_route=\/wp\/v2\/posts\/80276","targetHints":{"allow":["GET"]}}],"collection":[{"href":"https:\/\/lospoliticosveracruz.com.mx\/index.php?rest_route=\/wp\/v2\/posts"}],"about":[{"href":"https:\/\/lospoliticosveracruz.com.mx\/index.php?rest_route=\/wp\/v2\/types\/post"}],"author":[{"embeddable":true,"href":"https:\/\/lospoliticosveracruz.com.mx\/index.php?rest_route=\/wp\/v2\/users\/2"}],"replies":[{"embeddable":true,"href":"https:\/\/lospoliticosveracruz.com.mx\/index.php?rest_route=%2Fwp%2Fv2%2Fcomments&post=80276"}],"version-history":[{"count":1,"href":"https:\/\/lospoliticosveracruz.com.mx\/index.php?rest_route=\/wp\/v2\/posts\/80276\/revisions"}],"predecessor-version":[{"id":80277,"href":"https:\/\/lospoliticosveracruz.com.mx\/index.php?rest_route=\/wp\/v2\/posts\/80276\/revisions\/80277"}],"wp:featuredmedia":[{"embeddable":true,"href":"https:\/\/lospoliticosveracruz.com.mx\/index.php?rest_route=\/wp\/v2\/media\/80278"}],"wp:attachment":[{"href":"https:\/\/lospoliticosveracruz.com.mx\/index.php?rest_route=%2Fwp%2Fv2%2Fmedia&parent=80276"}],"wp:term":[{"taxonomy":"category","embeddable":true,"href":"https:\/\/lospoliticosveracruz.com.mx\/index.php?rest_route=%2Fwp%2Fv2%2Fcategories&post=80276"},{"taxonomy":"post_tag","embeddable":true,"href":"https:\/\/lospoliticosveracruz.com.mx\/index.php?rest_route=%2Fwp%2Fv2%2Ftags&post=80276"}],"curies":[{"name":"wp","href":"https:\/\/api.w.org\/{rel}","templated":true}]}}