{"id":80306,"date":"2021-10-06T14:38:06","date_gmt":"2021-10-06T19:38:06","guid":{"rendered":"https:\/\/lospoliticosveracruz.com.mx\/?p=80306"},"modified":"2021-10-06T14:38:09","modified_gmt":"2021-10-06T19:38:09","slug":"91-mil-sin-nombre","status":"publish","type":"post","link":"https:\/\/lospoliticosveracruz.com.mx\/?p=80306","title":{"rendered":"91 mil sin nombre"},"content":{"rendered":"\n<p><\/p>\n\n\n\n<p><\/p>\n\n\n\n<p><strong>Xalapa<\/strong><br>El subsecretario de Derechos Humanos de la Secretar\u00eda de Gobernaci\u00f3n, Alejandro Encinas Rodr\u00edguez, inform\u00f3 que se analiza crear un programa de identificaci\u00f3n masiva de cuerpos que se encuentran en los Servicios M\u00e9dicos Forenses de todo el pa\u00eds.<br>En M\u00e9xico, dijo, la cifra de desaparecidos asciende a los m\u00e1s de 91 mil.<br>El funcionario federal estuvo presente en la inauguraci\u00f3n de la Unidad Integral de Servicios M\u00e9dicos Forenses de Nogales, ah\u00ed precis\u00f3 que la mayor tragedia es que hay entre 32 mil y 42 mil personas reportadas como desaparecidas o no localizadas que pudieran estar en los SEMEFOS.<br>Tan solo en el 2019, junto con la Fiscal\u00eda General de la Rep\u00fablica, encontraron situaciones lamentables en muchos servicios forenses del pa\u00eds en cuanto la falta de atenci\u00f3n adecuada y profesional a la gente que ha perdido la vida y que no ha tenido la oportunidad de ser identificada y poder regresar dignamente con sus familias.<br>\u00abEste rezago acumulado nos ha llevado a una situaci\u00f3n de crisis, en un pa\u00eds en donde lamentablemente las herencias m\u00e1s dolorosas que recibimos fue el problema de la desaparici\u00f3n de personas. Una cifra que no es un n\u00famero estad\u00edstico, sino es un dato que habla de seres humanos, que rebasa las 91 mil personas desaparecidas o no localizadas en M\u00e9xico desde el 2006 a la fecha.<br>Por lo que se est\u00e1 tratando de iniciar un programa de identificaci\u00f3n masiva de cuerpos, debido a las profundas irregularidades que se han cometido.<br>Por ello, espera que la nueva unidad de Nogales marque un hito en materia forense en todo el Pa\u00eds, no s\u00f3lo en Veracruz.<br>Encinas Rodr\u00edguez, record\u00f3 que hace unas semanas concluyeron la inhumaci\u00f3n de 345 cuerpos que estaban en las c\u00e1maras frigor\u00edficas de los servicios forenses de Cuautla y Cuernavaca, Morelos.<br>Se pronunci\u00f3 porque la unidad de Nogales se complemente muy bien con el Centro de Resguardo de Cuerpos que se construye en Coatzacoalcos, mismo que deber\u00e1 quedar concluido antes de que termine el mes de diciembre de este a\u00f1o.<\/p>\n","protected":false},"excerpt":{"rendered":"<p>XalapaEl subsecretario de Derechos Humanos de la Secretar\u00eda de Gobernaci\u00f3n, Alejandro Encinas Rodr\u00edguez, inform\u00f3 que se analiza crear un programa de identificaci\u00f3n masiva de cuerpos que se encuentran en los Servicios M\u00e9dicos Forenses de todo el pa\u00eds.En M\u00e9xico, dijo, la cifra de desaparecidos asciende a los m\u00e1s de 91 mil.El funcionario federal estuvo presente en [&hellip;]<\/p>\n","protected":false},"author":2,"featured_media":0,"comment_status":"closed","ping_status":"closed","sticky":false,"template":"","format":"standard","meta":{"_jetpack_newsletter_access":"","_jetpack_dont_email_post_to_subs":false,"_jetpack_newsletter_tier_id":0,"_jetpack_memberships_contains_paywalled_content":false,"_jetpack_memberships_contains_paid_content":false,"footnotes":""},"categories":[6446],"tags":[4430,13146,395,30714,30713,195],"class_list":["post-80306","post","type-post","status-publish","format-standard","hentry","category-la-nota","tag-derechos-humanos","tag-fiscalia-general-de-la-republica","tag-mexico","tag-semefos","tag-servicios-medicos-forenses","tag-veracruz"],"jetpack_featured_media_url":"","jetpack_sharing_enabled":true,"jetpack_shortlink":"https:\/\/wp.me\/p4Qcd3-kTg","_links":{"self":[{"href":"https:\/\/lospoliticosveracruz.com.mx\/index.php?rest_route=\/wp\/v2\/posts\/80306","targetHints":{"allow":["GET"]}}],"collection":[{"href":"https:\/\/lospoliticosveracruz.com.mx\/index.php?rest_route=\/wp\/v2\/posts"}],"about":[{"href":"https:\/\/lospoliticosveracruz.com.mx\/index.php?rest_route=\/wp\/v2\/types\/post"}],"author":[{"embeddable":true,"href":"https:\/\/lospoliticosveracruz.com.mx\/index.php?rest_route=\/wp\/v2\/users\/2"}],"replies":[{"embeddable":true,"href":"https:\/\/lospoliticosveracruz.com.mx\/index.php?rest_route=%2Fwp%2Fv2%2Fcomments&post=80306"}],"version-history":[{"count":1,"href":"https:\/\/lospoliticosveracruz.com.mx\/index.php?rest_route=\/wp\/v2\/posts\/80306\/revisions"}],"predecessor-version":[{"id":80308,"href":"https:\/\/lospoliticosveracruz.com.mx\/index.php?rest_route=\/wp\/v2\/posts\/80306\/revisions\/80308"}],"wp:attachment":[{"href":"https:\/\/lospoliticosveracruz.com.mx\/index.php?rest_route=%2Fwp%2Fv2%2Fmedia&parent=80306"}],"wp:term":[{"taxonomy":"category","embeddable":true,"href":"https:\/\/lospoliticosveracruz.com.mx\/index.php?rest_route=%2Fwp%2Fv2%2Fcategories&post=80306"},{"taxonomy":"post_tag","embeddable":true,"href":"https:\/\/lospoliticosveracruz.com.mx\/index.php?rest_route=%2Fwp%2Fv2%2Ftags&post=80306"}],"curies":[{"name":"wp","href":"https:\/\/api.w.org\/{rel}","templated":true}]}}