{"id":80346,"date":"2021-10-07T14:43:16","date_gmt":"2021-10-07T19:43:16","guid":{"rendered":"https:\/\/lospoliticosveracruz.com.mx\/?p=80346"},"modified":"2021-10-07T14:43:20","modified_gmt":"2021-10-07T19:43:20","slug":"mal-ejemplo-para-alumnos","status":"publish","type":"post","link":"https:\/\/lospoliticosveracruz.com.mx\/?p=80346","title":{"rendered":"Mal ejemplo para alumnos!"},"content":{"rendered":"\n<p><\/p>\n\n\n\n<p><strong>Xalapa<\/strong><br>El delegado de los Programas de Bienestar, Manuel Huerta Ladr\u00f3n de Guevara, denunci\u00f3 que 754 maestros intentaron ingresar a los m\u00f3dulos de vacunaci\u00f3n contra COVID-19 en Xalapa para recibir una segunda dosis de Pfizer, esto a pesar de que ya hab\u00edan recibido la unidosis de CanSino.<br>Por lo que ser\u00e1n reportados a la Secretaria de Educaci\u00f3n de Veracruz (SEV) y la secretaria de Educaci\u00f3n P\u00fablica (SEP).<br>El delegado de los programas sociales de la Secretar\u00eda del Bienestar en Veracruz, Manuel Huerta Ladr\u00f3n de Guevara precis\u00f3 que de los mil que se vacunaron con biol\u00f3gicos distintos, fueron detectados m\u00e1s de 700 a quienes no se les permiti\u00f3 ya ingresar de nuevo.<br>\u00abDe los cerca de mil que se vinieron a vacunar una primera vacuna Pfizer, aunque ya ten\u00edan la CanSino, hemos regresado a 754, que los agarramos con las manos en la masa queri\u00e9ndose poner la segunda dosis\u00bb.<br>Por lo que dicho informe ser\u00e1 enviado tanto a la SEP como a la SEV.<br>\u00abVamos a mandar el informe a la secretaria Delfina, al secretario Zenyazen para que corroboren porque tenemos los registros de que ya eran vacunados de CanSino. Nos sorprendieron con la primera de Pfizer que se pusieron\u00bb.<\/p>\n","protected":false},"excerpt":{"rendered":"<p>XalapaEl delegado de los Programas de Bienestar, Manuel Huerta Ladr\u00f3n de Guevara, denunci\u00f3 que 754 maestros intentaron ingresar a los m\u00f3dulos de vacunaci\u00f3n contra COVID-19 en Xalapa para recibir una segunda dosis de Pfizer, esto a pesar de que ya hab\u00edan recibido la unidosis de CanSino.Por lo que ser\u00e1n reportados a la Secretaria de Educaci\u00f3n [&hellip;]<\/p>\n","protected":false},"author":2,"featured_media":0,"comment_status":"closed","ping_status":"closed","sticky":false,"template":"","format":"standard","meta":{"_jetpack_newsletter_access":"","_jetpack_dont_email_post_to_subs":false,"_jetpack_newsletter_tier_id":0,"_jetpack_memberships_contains_paywalled_content":false,"_jetpack_memberships_contains_paid_content":false,"footnotes":""},"categories":[73],"tags":[17020,27437,26577,7622,1850,26586,6352,88,96,12372],"class_list":["post-80346","post","type-post","status-publish","format-standard","hentry","category-de-boleto","tag-bienestar","tag-cansino","tag-covid-19-2","tag-delfina-gomez","tag-manuel-huerta-ladron-de-guevara","tag-pfizer","tag-sep","tag-sev","tag-xalapa","tag-zenyazen-escobar-garcia"],"jetpack_featured_media_url":"","jetpack_sharing_enabled":true,"jetpack_shortlink":"https:\/\/wp.me\/p4Qcd3-kTU","_links":{"self":[{"href":"https:\/\/lospoliticosveracruz.com.mx\/index.php?rest_route=\/wp\/v2\/posts\/80346","targetHints":{"allow":["GET"]}}],"collection":[{"href":"https:\/\/lospoliticosveracruz.com.mx\/index.php?rest_route=\/wp\/v2\/posts"}],"about":[{"href":"https:\/\/lospoliticosveracruz.com.mx\/index.php?rest_route=\/wp\/v2\/types\/post"}],"author":[{"embeddable":true,"href":"https:\/\/lospoliticosveracruz.com.mx\/index.php?rest_route=\/wp\/v2\/users\/2"}],"replies":[{"embeddable":true,"href":"https:\/\/lospoliticosveracruz.com.mx\/index.php?rest_route=%2Fwp%2Fv2%2Fcomments&post=80346"}],"version-history":[{"count":1,"href":"https:\/\/lospoliticosveracruz.com.mx\/index.php?rest_route=\/wp\/v2\/posts\/80346\/revisions"}],"predecessor-version":[{"id":80348,"href":"https:\/\/lospoliticosveracruz.com.mx\/index.php?rest_route=\/wp\/v2\/posts\/80346\/revisions\/80348"}],"wp:attachment":[{"href":"https:\/\/lospoliticosveracruz.com.mx\/index.php?rest_route=%2Fwp%2Fv2%2Fmedia&parent=80346"}],"wp:term":[{"taxonomy":"category","embeddable":true,"href":"https:\/\/lospoliticosveracruz.com.mx\/index.php?rest_route=%2Fwp%2Fv2%2Fcategories&post=80346"},{"taxonomy":"post_tag","embeddable":true,"href":"https:\/\/lospoliticosveracruz.com.mx\/index.php?rest_route=%2Fwp%2Fv2%2Ftags&post=80346"}],"curies":[{"name":"wp","href":"https:\/\/api.w.org\/{rel}","templated":true}]}}