{"id":80553,"date":"2021-10-12T08:19:00","date_gmt":"2021-10-12T13:19:00","guid":{"rendered":"https:\/\/lospoliticosveracruz.com.mx\/?p=80553"},"modified":"2021-10-12T08:25:44","modified_gmt":"2021-10-12T13:25:44","slug":"mi-primera-vez-3","status":"publish","type":"post","link":"https:\/\/lospoliticosveracruz.com.mx\/?p=80553","title":{"rendered":"Mi primera vez"},"content":{"rendered":"\n<p><strong>Maricarmen Garc\u00eda El\u00edas<br><\/strong><em>Animalia<\/em><\/p>\n\n\n\n<p>Fue un 12 de octubre de 2001 acababa de finalizar mi Licenciatura en Derecho y estaba a un semestre de finalizar la de Ciencias de la Comunicaci\u00f3n, ya antes la hab\u00eda visto algunas veces deambulando por la universidad en busca de comida pero ese d\u00eda cay\u00f3 una lluvia muy fuerte cual diluvio del apocalipsis t\u00edpico de la querida Pluviosilla y al salir de clases la vi tratando de cruzar la calle siendo literal arrastrada por las aguas as\u00ed que no lo dud\u00e9 y la tom\u00e9.<\/p>\n\n\n\n<div class=\"wp-block-image\"><figure class=\"alignleft size-large is-resized\"><a href=\"https:\/\/lospoliticosveracruz.com.mx\/wp-content\/uploads\/2021\/10\/WhatsApp-Image-2021-10-02-at-15.20.25.jpeg\"><img loading=\"lazy\" decoding=\"async\" src=\"https:\/\/lospoliticosveracruz.com.mx\/wp-content\/uploads\/2021\/10\/WhatsApp-Image-2021-10-02-at-15.20.25-724x1024.jpeg\" alt=\"\" class=\"wp-image-80177\" width=\"250\" height=\"350\"\/><\/a><\/figure><\/div>\n\n\n\n<p><br>Recuerdo que una maestra muy querida me dio unas cortinas del sal\u00f3n para calentarla y pod\u00e9rmela llevar pues los taxistas no dejaban subir con animales me dijo, desde que la tuve en mis brazos not\u00e9 lo fr\u00e1gil que era su cuerpecito, se pod\u00edan sentir sus huesos a\u00fan a trav\u00e9s de las cortinas , cuando llegamos al departamento que rentaba nos encontramos con otra inundaci\u00f3n ah\u00ed dentro hab\u00eda olvidado dejar una coladera destapada , as\u00ed que la coloqu\u00e9 en la sala y me puse a sacar el agua y a limpiar me tard\u00e9 como 2 horas en esa tarea mientras ella no me quitaba la vista ni un segundo as\u00ed como la dej\u00e9 sentada permaneci\u00f3 todo ese tiempo en el mismo lugar observ\u00e1ndome.<br>Era a\u00fan estudiante, no le hab\u00eda pedido permiso a mi casero, era evidente que ella necesitaba mucha ayuda m\u00e9dica y mi sueldo de mil quinientos pesos mensuales en la revista donde trabajaba como pasante no era suficiente para las dos apenas alcanzaba para la renta, las copias y comer pero aun as\u00ed no tuve dudas, en el fondo de mi coraz\u00f3n sab\u00eda que estuvo bien lo que hice y que en adelante de una u otra forma todo estar\u00eda bien, sent\u00eda paz, era mi primera vez rescatando un animal callejero.<br>A\u00f1os antes hab\u00eda visto como reportera practicante de El Sol de Orizaba las atrocidades que les hac\u00edan a los animales callejeros en el antirr\u00e1bico, los cazaban por las noches en redadas y los electrocutaban sin misericordia alguna como si esa fuera la soluci\u00f3n a la sobrepoblaci\u00f3n canina, afortunadamente se trabaj\u00f3 mucho y hoy en d\u00eda hay leyes que acabaron con ese pensamiento retrograda de muchos alcaldes y sus equipos, independientemente de que la cumplan o no. Por lo tanto dejar a nena en las calles no era una opci\u00f3n para m\u00ed.<br>Con los d\u00edas nos fuimos conociendo y acostumbrando una a la otra, aunque desde ni\u00f1a hab\u00eda tenido perros porque en casa se nos ense\u00f1\u00f3 a respetar y amar a los animales, esta experiencia era totalmente diferente, conoc\u00ed una faceta nueva de los perros. Los perros de la calle son incre\u00edblemente agradecidos, protectores, hablan sin tener que usar palabras, es algo tan asombroso y a la vez triste que esa capacidad de amar e inteligencia que poseen pase desapercibida para la mayor\u00eda de la gente que camina a su lado y en vez de ayudarlos los lastima o simplemente no se involucra en cambiarles la vida y voltean la mirada a otro lado, no se puede entender por qu\u00e9 estos \u00e1ngeles tienen que padecer tantos horrores en las calles.<br>Vivimos tantos d\u00edas felices en nuestro departamento a pesar de \u00abmi apretada agenda\u00bb, me la pasaba entre tareas, estudiar para el Ceneval, practicar en el entonces Ministerio P\u00fablico Adscrito al Juzgado 1 mi abogac\u00eda , trabajar en la revista y mil cosas, a\u00fan la recuerdo echada junto a mis pies mientras yo hac\u00eda mis notas en mi m\u00e1quina de escribir, sent\u00eda su calorcito , para entonces Nena ya dorm\u00eda largas horas con seguridad sin despertar pensando que le pasar\u00eda algo, su quijada ya no estaba tan pronunciada hacia afuera por la desnutrici\u00f3n y ya hab\u00eda ganado peso, ya ten\u00eda pelo en todo el cuerpo , era blanco hasta entonces no lo sab\u00eda.<br>Los domingos escuch\u00e1bamos la bonita m\u00fasica de radio m\u00e1s en mi radiograbadora que al igual que mi m\u00e1quina de escribir eran mi orgullo por haber sido compradas con esfuerzo y lo disfrutaba a su lado, ella siempre testigo silenciosa de todo lo que pasaba en mi vida. Era tan bueno no haber tenido televisi\u00f3n o un celular como los que ahora hay pues estoy segura que eso me permiti\u00f3 disfrutar a Nena much\u00edsimo, darle a ella todo mi tiempo libre en vez de ir a fiestas con amigas, probar el alcohol o hacer otras tonter\u00edas de la juventud, gracias a Nena fue todo lo contrario.<br>Acabando la carrera de comunicaci\u00f3n, me titul\u00e9 de las dos licenciaturas, reci\u00e9n me hab\u00edan ofrecido un trabajo formal como maestra de ingl\u00e9s en otra ciudad as\u00ed que nos fuimos de ah\u00ed, dos a\u00f1os despu\u00e9s ya instaladas en nuestra nueva rutina Nena muri\u00f3 por una esterilizaci\u00f3n mal realizada, era un veterinario con experiencia nunca entend\u00ed qu\u00e9 pas\u00f3, si fue negligencia o porque apenas se comenzaban a practicar.<br>En su honor, con una gran amiga del Puerto de Veracruz, hicimos el primer perret\u00f3n en 2004 cuyas donaciones sirvieron para las funciones que realizaba la Roca A.C. y de ah\u00ed naci\u00f3 la inspiraci\u00f3n para la creaci\u00f3n de leyes que protegieran a animales de la calle donde como he comentado veces anteriores mucha gente fue coincidiendo en distintas ciudades, pa\u00edses y a\u00f1os haciendo importantes aportaciones para lograr lo que hoy existe en materia legislativa.<br>Quisiera que Nena estuviera aqu\u00ed y disfrutara conmigo todo, subirla a mi auto y llevarla a pasear a la playa como hab\u00edamos planeado hacerlo tantas veces, que caminara por toda la casa, que jugara con mis otros perros, que se echara a mis pies mientras trabajo pero s\u00e9 que fue feliz y muy amada el poco tiempo que tuve la fortuna de tenerla y su legado est\u00e1 por todas partes en cada animal que fue rescatado, en cada animal y lucha por la que se alza la voz , por eso este espacio no es m\u00edo sino de los animales.<br>Cuando adopt\u00e9 a Nena algunas personas me dijeron que no iba a cambiar el mundo por salvar a un animal, lo cual es cierto sin embargo, Nena me cambi\u00f3 a m\u00ed y cuando uno cambia su forma de pensar y de ver la vida todo lo dem\u00e1s s\u00ed que se transforma para bien. Si todos somos emp\u00e1ticos con los m\u00e1s desprotegidos ll\u00e1mese ancianos, ni\u00f1os sin hogar o animales en situaci\u00f3n de calle y compartimos con ellos un poco de lo que la vida generosamente nos ha dado no solo les cambiamos la vida a ellos sino a nosotros mismos y esa generosidad regresa mil veces multiplicada en todos los sentidos, todo es cuesti\u00f3n de atreverse a ver m\u00e1s all\u00e1 de uno mismo y dejar de lado el miedo o el ego\u00edsmo para cambiar a este mundo a uno mucho mejor.<\/p>\n","protected":false},"excerpt":{"rendered":"<p>Maricarmen Garc\u00eda El\u00edasAnimalia Fue un 12 de octubre de 2001 acababa de finalizar mi Licenciatura en Derecho y estaba a un semestre de finalizar la de Ciencias de la Comunicaci\u00f3n, ya antes la hab\u00eda visto algunas veces deambulando por la universidad en busca de comida pero ese d\u00eda cay\u00f3 una lluvia muy fuerte cual diluvio [&hellip;]<\/p>\n","protected":false},"author":2,"featured_media":0,"comment_status":"closed","ping_status":"closed","sticky":false,"template":"","format":"standard","meta":{"_jetpack_newsletter_access":"","_jetpack_dont_email_post_to_subs":false,"_jetpack_newsletter_tier_id":0,"_jetpack_memberships_contains_paywalled_content":false,"_jetpack_memberships_contains_paid_content":false,"footnotes":""},"categories":[6451],"tags":[16828,30792,24983,30790],"class_list":["post-80553","post","type-post","status-publish","format-standard","hentry","category-historias_de_amigos","tag-maricarmen-garcia-elias","tag-perreton","tag-rescate","tag-sobrepoblacion-canina"],"jetpack_featured_media_url":"","jetpack_sharing_enabled":true,"jetpack_shortlink":"https:\/\/wp.me\/p4Qcd3-kXf","_links":{"self":[{"href":"https:\/\/lospoliticosveracruz.com.mx\/index.php?rest_route=\/wp\/v2\/posts\/80553","targetHints":{"allow":["GET"]}}],"collection":[{"href":"https:\/\/lospoliticosveracruz.com.mx\/index.php?rest_route=\/wp\/v2\/posts"}],"about":[{"href":"https:\/\/lospoliticosveracruz.com.mx\/index.php?rest_route=\/wp\/v2\/types\/post"}],"author":[{"embeddable":true,"href":"https:\/\/lospoliticosveracruz.com.mx\/index.php?rest_route=\/wp\/v2\/users\/2"}],"replies":[{"embeddable":true,"href":"https:\/\/lospoliticosveracruz.com.mx\/index.php?rest_route=%2Fwp%2Fv2%2Fcomments&post=80553"}],"version-history":[{"count":1,"href":"https:\/\/lospoliticosveracruz.com.mx\/index.php?rest_route=\/wp\/v2\/posts\/80553\/revisions"}],"predecessor-version":[{"id":80555,"href":"https:\/\/lospoliticosveracruz.com.mx\/index.php?rest_route=\/wp\/v2\/posts\/80553\/revisions\/80555"}],"wp:attachment":[{"href":"https:\/\/lospoliticosveracruz.com.mx\/index.php?rest_route=%2Fwp%2Fv2%2Fmedia&parent=80553"}],"wp:term":[{"taxonomy":"category","embeddable":true,"href":"https:\/\/lospoliticosveracruz.com.mx\/index.php?rest_route=%2Fwp%2Fv2%2Fcategories&post=80553"},{"taxonomy":"post_tag","embeddable":true,"href":"https:\/\/lospoliticosveracruz.com.mx\/index.php?rest_route=%2Fwp%2Fv2%2Ftags&post=80553"}],"curies":[{"name":"wp","href":"https:\/\/api.w.org\/{rel}","templated":true}]}}