{"id":80582,"date":"2021-10-12T11:58:35","date_gmt":"2021-10-12T16:58:35","guid":{"rendered":"https:\/\/lospoliticosveracruz.com.mx\/?p=80582"},"modified":"2021-10-12T11:58:42","modified_gmt":"2021-10-12T16:58:42","slug":"la-nueva-realidad","status":"publish","type":"post","link":"https:\/\/lospoliticosveracruz.com.mx\/?p=80582","title":{"rendered":"La nueva realidad"},"content":{"rendered":"\n<p><strong>Rafael Arias Hern\u00e1ndez<br><\/strong><em>Mutatis mutandis<\/em><\/p>\n\n\n\n<p>No, no es posible seguir pensando que vamos a regresar a la vieja \u00abnormalidad\u00bb que padecimos y conocimos; y que, en m\u00faltiples formas, a\u00fan vivimos.<br>Muchos retos y problemas sociales y gubernamentales aumentan, se complican y afectan a las mayor\u00edas. Imposible ignorar el crecimiento de la inseguridad, con los delitos en aumento sobresaliendo los homicidios. Le siguen otros, como corrupci\u00f3n e impunidad. Y desde luego, preocupa mucho, que a la cuesti\u00f3n de la econom\u00eda no se le entiende y atiende, bien y a tiempo, de acuerdo a sus nuevas y viejas expresiones.<br>Econom\u00eda, monetaria, fiscal y laboral; creaci\u00f3n de empleos, sueldos, salarios y prestaciones; el m\u00e1s sobresaliente programa de los pobres, las important\u00edsimas remesas; as\u00ed como gasto oficial e inversi\u00f3n p\u00fablica, exportaciones e importaciones.<br>Lo econ\u00f3mico se atiende en general, con m\u00e1s de lo mismo, poco o nada nuevo, sigue el discurso del \u00abrollo del desarrollo\u00bb y el ef\u00edmero e insuficiente bienestar, centrado en la ayuda oficial y la religiosa caridad.<br>Aumenta la pobreza; y m\u00e1s si no se reacciona con efectividad, ante el crecimiento y permanencia de la inflaci\u00f3n. Irresponsable ignorar y permitir que los sostenidos aumentos de precios, debiliten y destruyan cualquier avance y logro alcanzado, o impidan intentar y sostener esfuerzos. La inflaci\u00f3n sigue y sostiene el deterioro de sueldos, salarios e ingresos.<br>Oportuno insistir y recordar. M\u00e1s se va a perder y padecer si no se entiende la magnitud y consecuencias de las diversas crisis y problemas que padecemos, as\u00ed como su impacto, complicaci\u00f3n y consecuencias. Empezando por atender, bien y cuanto antes, econom\u00eda, pobreza y seguridad.<br>La econom\u00eda sigue sin recuperarse lo suficiente. Lejos la meta de 3% de inflaci\u00f3n anual, por m\u00e1s esfuerzos que se haga.<br>Hoy por hoy, y ni que hablar del crecimiento del PIB, es notorio que el sostenido aumento de precios, afecta y da\u00f1a m\u00e1s. \u00bfA qu\u00e9 inflaci\u00f3n se quiere llegar para reaccionar? \u00bfHasta cu\u00e1ndo las mismas revolcadas, parchadas e improvisadas respuestas p\u00fablicas y privadas, empresariales y gubernamentales?<br>Econom\u00eda, sociedad, y buena pol\u00edtica gubernamental, deben atenderse prioritaria y simult\u00e1neamente, porque son la clave,<br>Necesario contar con m\u00e1s recursos y buena administraci\u00f3n, con m\u00e1s y mejor estabilidad y seguridad. De ah\u00ed la importancia de conseguir los recursos necesarios, asignarlos puntual y apropiadamente; asegurar el suministro de servicios p\u00fablicos b\u00e1sicos y promover creaci\u00f3n de empleos, salarios y prestaciones; y, desde luego, controlar la inflaci\u00f3n y poner especial atenci\u00f3n en los niveles de precios.<br>A este respecto, no est\u00e1 por dem\u00e1s comentar, que preocupan los niveles alcanzados y que hacen que se espere un alto nivel inflacionario.<br>La pobreza aumenta, y alcanza para 2020, casi 70 millones de mexicanos;, en casi dos a\u00f1os se incorporaron 10 millones m\u00e1s. La deuda p\u00fablica es de casi 13 billones de pesos; creci\u00f3 m\u00e1s de 1.6 billones en dos a\u00f1os. Y el n\u00famero de homicidios sigue en aumento, en los primeros 30 meses, es de casi 90,000.<br>Todo esto y m\u00e1s, en un contexto internacional competido, complicado y dif\u00edcil.<br>M\u00e1s y m\u00e1s pobreza, que alcanza para 2020, casi 70 millones de mexicanos;, en casi dos a\u00f1os se incorporaron 10 millones m\u00e1s. La deuda p\u00fablica es de casi 13 billones de pesos; creci\u00f3 m\u00e1s de 1.6 billones en dos a\u00f1os. Y el n\u00famero de homicidios sigue en aumento, en los primeros 30 meses, es de casi 90,000.<br><strong>OTRAS CONDICIONES, NUEVAS SITUACIONES.<br><\/strong>No hay vuelta al pasado y esto debemos entenderlo. Por m\u00e1s que traten de persuadirnos algunos de los beneficiarios de esas crisis, agravadas por los efectos pand\u00e9micos. Por m\u00e1s que lo intente la ignorancia en el poder.<br>Unos y otros. Beneficiarios y agraciados, que aseguran y hacen creer que no pasa nada, que todo va bien y que, con su acci\u00f3n e intervenci\u00f3n, todo se va a resolver.<br>Todo ha cambiado y cambia, porque un peque\u00f1o trastorno afecto y afecta nuestra existencia. Un virus, llego y nos sigue obligando a ajustar y cambiar nuestro comportamiento y actitudes.<br>La actitud personal tiene y debe cambiar, empezando por exigir la mayor informaci\u00f3n posible, actualizada y confiable, para entender y diagnosticar esa nueva realidad, que exige acciones y respuestas, atenci\u00f3n y transformaci\u00f3n en demasiados aspectos.<br>La pol\u00edtica como indiscutible actividad humana, tiene la gran oportunidad de ajustarse a lo nuevo y reinventarse, para asegurar efectividad y avances.<br>Sobresale que, demasiados saben que con frecuencia, son manipulados, por comunicadores y propagandistas, por pol\u00edticos y partidos, muchos de ellos convertidos en negocios y negociantes, intermediarios y explotadores.<br>Se sabe del uso y abuso, pero tambi\u00e9n del remedio y la soluci\u00f3n que, por cierto, no son ni ser\u00e1n f\u00e1ciles y r\u00e1pidas. Todo empieza en lograr una mayor y mejor participaci\u00f3n y evaluaci\u00f3n ciudadana y social.<br>Gobernar al gobierno es una prioridad.<\/p>\n\n\n\n<pre class=\"wp-block-code\"><code>   -Academico.IIESESUV @RafaelAriasH,Facebook:VeracruzHoydeRafaelAriasH<\/code><\/pre>\n","protected":false},"excerpt":{"rendered":"<p>Rafael Arias Hern\u00e1ndezMutatis mutandis No, no es posible seguir pensando que vamos a regresar a la vieja \u00abnormalidad\u00bb que padecimos y conocimos; y que, en m\u00faltiples formas, a\u00fan vivimos.Muchos retos y problemas sociales y gubernamentales aumentan, se complican y afectan a las mayor\u00edas. Imposible ignorar el crecimiento de la inseguridad, con los delitos en aumento [&hellip;]<\/p>\n","protected":false},"author":2,"featured_media":0,"comment_status":"closed","ping_status":"closed","sticky":false,"template":"","format":"standard","meta":{"_jetpack_newsletter_access":"","_jetpack_dont_email_post_to_subs":false,"_jetpack_newsletter_tier_id":0,"_jetpack_memberships_contains_paywalled_content":false,"_jetpack_memberships_contains_paid_content":false,"footnotes":""},"categories":[70],"tags":[27553,17901,97],"class_list":["post-80582","post","type-post","status-publish","format-standard","hentry","category-de-opinion","tag-inflacion","tag-nueva-normalidad","tag-pobreza"],"jetpack_featured_media_url":"","jetpack_sharing_enabled":true,"jetpack_shortlink":"https:\/\/wp.me\/p4Qcd3-kXI","_links":{"self":[{"href":"https:\/\/lospoliticosveracruz.com.mx\/index.php?rest_route=\/wp\/v2\/posts\/80582","targetHints":{"allow":["GET"]}}],"collection":[{"href":"https:\/\/lospoliticosveracruz.com.mx\/index.php?rest_route=\/wp\/v2\/posts"}],"about":[{"href":"https:\/\/lospoliticosveracruz.com.mx\/index.php?rest_route=\/wp\/v2\/types\/post"}],"author":[{"embeddable":true,"href":"https:\/\/lospoliticosveracruz.com.mx\/index.php?rest_route=\/wp\/v2\/users\/2"}],"replies":[{"embeddable":true,"href":"https:\/\/lospoliticosveracruz.com.mx\/index.php?rest_route=%2Fwp%2Fv2%2Fcomments&post=80582"}],"version-history":[{"count":1,"href":"https:\/\/lospoliticosveracruz.com.mx\/index.php?rest_route=\/wp\/v2\/posts\/80582\/revisions"}],"predecessor-version":[{"id":80584,"href":"https:\/\/lospoliticosveracruz.com.mx\/index.php?rest_route=\/wp\/v2\/posts\/80582\/revisions\/80584"}],"wp:attachment":[{"href":"https:\/\/lospoliticosveracruz.com.mx\/index.php?rest_route=%2Fwp%2Fv2%2Fmedia&parent=80582"}],"wp:term":[{"taxonomy":"category","embeddable":true,"href":"https:\/\/lospoliticosveracruz.com.mx\/index.php?rest_route=%2Fwp%2Fv2%2Fcategories&post=80582"},{"taxonomy":"post_tag","embeddable":true,"href":"https:\/\/lospoliticosveracruz.com.mx\/index.php?rest_route=%2Fwp%2Fv2%2Ftags&post=80582"}],"curies":[{"name":"wp","href":"https:\/\/api.w.org\/{rel}","templated":true}]}}