{"id":80635,"date":"2021-10-13T16:23:02","date_gmt":"2021-10-13T21:23:02","guid":{"rendered":"https:\/\/lospoliticosveracruz.com.mx\/?p=80635"},"modified":"2021-10-13T16:23:08","modified_gmt":"2021-10-13T21:23:08","slug":"se-abre-un-poco-mas-cordoba","status":"publish","type":"post","link":"https:\/\/lospoliticosveracruz.com.mx\/?p=80635","title":{"rendered":"Se abre un poco m\u00e1s C\u00f3rdoba"},"content":{"rendered":"\n<p><\/p>\n\n\n\n<p><\/p>\n\n\n\n<p><strong>C\u00f3rdoba<br><\/strong>Con motivo del cambio en la situaci\u00f3n epidemiol\u00f3gica por COVID19, el Ayuntamiento de C\u00f3rdoba determin\u00f3 ampliar el acceso a cementerios, parques p\u00fablicos municipales, as\u00ed como actividades sociales y productivas.<\/p>\n\n\n\n<p>De esta manera, a los cementerios municipales el aforo ser\u00e1 limitado solo para visitas, mientras que para inhumaciones, el acceso ser\u00e1 de hasta 25 personas en caso de que la muerte haya sido natural o por alg\u00fan otro padecimiento, en casos de decesos por COVID19, el acceso ser\u00e1 restringido a dos personas, m\u00e1s personal de apoyo de las funerarias.<\/p>\n\n\n\n<p>Para el caso de novenario y\/o cabo de a\u00f1o, el acceso a los camposantos ser\u00e1 solo para 10 acompa\u00f1antes, esto con el objetivo de mantener el principio de distanciamiento f\u00edsico entre personas y evitar aglomeraciones que ocasiones posibles contagios por SARS-CoV-2.<\/p>\n\n\n\n<p>De igual manera, la autoridad municipal determin\u00f3 ampliar hasta el 50% de su capacidad el aforo a parques p\u00fablicos municipales. Los parques municipales continuar\u00e1n operando en los horarios establecidos por el Consejo Municipal de Salud, de lunes a jueves de 8 a 14 horas, y de viernes a domingo de 14 a 20 horas.<\/p>\n\n\n\n<p>De conformidad con el Plan de Reactivaci\u00f3n Econ\u00f3mica para C\u00f3rdoba, las actividades productivas y sociales consideradas estrat\u00e9gicas, operar\u00e1n al 75% de su capacidad, mientras que las esenciales lo podr\u00e1n hacer al 100% de su aforo.<\/p>\n\n\n\n<p>El doctor Israel Alejandro Lara Guti\u00e9rrez, titular de la jefatura de salud municipal, indic\u00f3 que las adecuaciones a los aforos de espacios p\u00fablicos corresponden a lo determinado para el color naranja del sem\u00e1foro epidemiol\u00f3gico, y se alinea con lo dispuesto en el Plan de Reactivaci\u00f3n Econ\u00f3mica para C\u00f3rdoba, publicado el nueve de agosto en la Gaceta Oficial.<\/p>\n\n\n\n<p>Urgi\u00f3 a la ciudadan\u00eda a mantener de manera estricta la aplicaci\u00f3n de las principios preventivo universales que indican el uso correcto y permanente de cubreboca en cualquier espacio p\u00fablico, aplicar el distancimiento f\u00edsico entre personas superior al metro y medio, y procurar un lavado constante de manos, o en su caso, aplicar sanitizante.<\/p>\n\n\n\n<p>De igual manera, el servidor p\u00fablico destac\u00f3 que ya se encuentra abierto el registro de vacunaci\u00f3n para personas de 12 a 17 a\u00f1os de edad que presenten comorbilidades de riesgo.<br>Indic\u00f3 que el registro se debe hacer mediante la plataforma <strong><em><a href=\"http:\/\/www.mivacuna.salud.gob.mx\">www.mivacuna.salud.gob.mx<\/a><\/em><\/strong><\/p>\n","protected":false},"excerpt":{"rendered":"<p>C\u00f3rdobaCon motivo del cambio en la situaci\u00f3n epidemiol\u00f3gica por COVID19, el Ayuntamiento de C\u00f3rdoba determin\u00f3 ampliar el acceso a cementerios, parques p\u00fablicos municipales, as\u00ed como actividades sociales y productivas. De esta manera, a los cementerios municipales el aforo ser\u00e1 limitado solo para visitas, mientras que para inhumaciones, el acceso ser\u00e1 de hasta 25 personas en [&hellip;]<\/p>\n","protected":false},"author":2,"featured_media":0,"comment_status":"closed","ping_status":"closed","sticky":false,"template":"","format":"standard","meta":{"_jetpack_newsletter_access":"","_jetpack_dont_email_post_to_subs":false,"_jetpack_newsletter_tier_id":0,"_jetpack_memberships_contains_paywalled_content":false,"_jetpack_memberships_contains_paid_content":false,"footnotes":""},"categories":[73],"tags":[29477,19127,7641,17200,18970],"class_list":["post-80635","post","type-post","status-publish","format-standard","hentry","category-de-boleto","tag-consejo-municipal-de-salud","tag-israel-alejandro-lara-gutierrez","tag-leticia-lopez-landero","tag-reactivacion-economica","tag-semaforo-epidemiologico"],"jetpack_featured_media_url":"","jetpack_sharing_enabled":true,"jetpack_shortlink":"https:\/\/wp.me\/p4Qcd3-kYz","_links":{"self":[{"href":"https:\/\/lospoliticosveracruz.com.mx\/index.php?rest_route=\/wp\/v2\/posts\/80635","targetHints":{"allow":["GET"]}}],"collection":[{"href":"https:\/\/lospoliticosveracruz.com.mx\/index.php?rest_route=\/wp\/v2\/posts"}],"about":[{"href":"https:\/\/lospoliticosveracruz.com.mx\/index.php?rest_route=\/wp\/v2\/types\/post"}],"author":[{"embeddable":true,"href":"https:\/\/lospoliticosveracruz.com.mx\/index.php?rest_route=\/wp\/v2\/users\/2"}],"replies":[{"embeddable":true,"href":"https:\/\/lospoliticosveracruz.com.mx\/index.php?rest_route=%2Fwp%2Fv2%2Fcomments&post=80635"}],"version-history":[{"count":1,"href":"https:\/\/lospoliticosveracruz.com.mx\/index.php?rest_route=\/wp\/v2\/posts\/80635\/revisions"}],"predecessor-version":[{"id":80637,"href":"https:\/\/lospoliticosveracruz.com.mx\/index.php?rest_route=\/wp\/v2\/posts\/80635\/revisions\/80637"}],"wp:attachment":[{"href":"https:\/\/lospoliticosveracruz.com.mx\/index.php?rest_route=%2Fwp%2Fv2%2Fmedia&parent=80635"}],"wp:term":[{"taxonomy":"category","embeddable":true,"href":"https:\/\/lospoliticosveracruz.com.mx\/index.php?rest_route=%2Fwp%2Fv2%2Fcategories&post=80635"},{"taxonomy":"post_tag","embeddable":true,"href":"https:\/\/lospoliticosveracruz.com.mx\/index.php?rest_route=%2Fwp%2Fv2%2Ftags&post=80635"}],"curies":[{"name":"wp","href":"https:\/\/api.w.org\/{rel}","templated":true}]}}