{"id":80678,"date":"2021-10-14T16:50:53","date_gmt":"2021-10-14T21:50:53","guid":{"rendered":"https:\/\/lospoliticosveracruz.com.mx\/?p=80678"},"modified":"2021-10-14T16:50:58","modified_gmt":"2021-10-14T21:50:58","slug":"en-la-recta-final-la-vacunacion-en-veracruz","status":"publish","type":"post","link":"https:\/\/lospoliticosveracruz.com.mx\/?p=80678","title":{"rendered":"En la recta final la vacunaci\u00f3n en Veracruz"},"content":{"rendered":"\n<p><\/p>\n\n\n\n<p><\/p>\n\n\n\n<p><strong>Emiliano Zapata<\/strong><br>Inicia la recta final de la jornada de vacunaci\u00f3n en el Estado de Veracruz con el cierre y apertura de vacunas en m\u00e1s de 16 municipios para concluir la inmunizaci\u00f3n de j\u00f3venes de 18 a 29 a\u00f1os y rezagados, inform\u00f3 el Delegado de Programas para el Desarrollo, Manuel Huerta Ladr\u00f3n de Guevara, e invit\u00f3 a la poblaci\u00f3n a inmunizarse, a\u00fan siendo de municipios aleda\u00f1os en todos los Centros de Vacunaci\u00f3n.<\/p>\n\n\n\n<p>Huerta expres\u00f3 que en Emiliano Zapata se vacunar\u00e1 hasta ma\u00f1ana a los j\u00f3venes de 18 a 29 a\u00f1os; en Coatepec, Tierra Blanca y Huatusco hoy cierran la vacunaci\u00f3n; en J\u00e1ltipan hasta el 16; en Soconusco, Santiago Tuxtla, Tlapacoyan, Altotonga, Camerino Z. Mendoza, Mariano Escobedo, R\u00edo Blanco Zaragoza y Oteapan cierran ma\u00f1ana; en el sur en Isla del 15 al 17; en Coscomatepec del 16 al 18; Tlalixcoyan del 18 al 19; en La Antigua y Puente Nacional atender\u00e1n del 18 al 20 de octubre.<\/p>\n\n\n\n<p>Adem\u00e1s, el funcionario destac\u00f3 que en estos espacios se atender\u00e1 tanto a la poblaci\u00f3n rezagada como a los que completar\u00e1n su esquema de vacunaci\u00f3n. Mencion\u00f3 que en Emiliano Zapata podr\u00e1n acudir a vacunarse vecinos de los municipios de Xalapa, Alto Lucero, Banderilla, Jilotepec, Naolinco, Miahuatl\u00e1n, Tepetl\u00e1n, Rafael Lucio, Chiconquiaco, Perote y Actopan.<\/p>\n\n\n\n<p>Asimismo, en Carrizal, tambi\u00e9n podr\u00e1 acudir la gente de Apazapan, Jalcomulco, \u00darsulo Galv\u00e1n, Tlaltetela, Tenampa, Totutla, Tlacotepec de Mej\u00eda y as\u00ed sucesivamente en los municipios que est\u00e9n aplicando vacunas. El funcionario expres\u00f3 que con este esfuerzo se busca que toda la poblaci\u00f3n de 18 a\u00f1os en adelante pueda tener al menos su primera dosis en este mes.<\/p>\n\n\n\n<p>Sobre el cierre de las vacunas para la poblaci\u00f3n de 30 a 39 a\u00f1os en Veracruz, coment\u00f3 que ya van m\u00e1s de 50 mil vacunados de esta generaci\u00f3n junto a los rezagados. Huerta anunci\u00f3 que en esta entidad se estar\u00e1 vacunando en segundas dosis a la poblaci\u00f3n de 18 a 29 a\u00f1os, desde el 15 hasta el 20 de octubre.<\/p>\n\n\n\n<p>Finalmente, insisti\u00f3 en que los menores de 12 a 17 a\u00f1os que presentan comorbilidades, as\u00ed como las menores de edad embarazadas, suban sus datos a la plataforma mivacuna.salud.gob.mx para que puedan recibir la dosis que en pr\u00f3ximos d\u00edas se anunciar\u00e1.<\/p>\n","protected":false},"excerpt":{"rendered":"<p>Emiliano ZapataInicia la recta final de la jornada de vacunaci\u00f3n en el Estado de Veracruz con el cierre y apertura de vacunas en m\u00e1s de 16 municipios para concluir la inmunizaci\u00f3n de j\u00f3venes de 18 a 29 a\u00f1os y rezagados, inform\u00f3 el Delegado de Programas para el Desarrollo, Manuel Huerta Ladr\u00f3n de Guevara, e invit\u00f3 [&hellip;]<\/p>\n","protected":false},"author":2,"featured_media":0,"comment_status":"closed","ping_status":"closed","sticky":false,"template":"","format":"standard","meta":{"_jetpack_newsletter_access":"","_jetpack_dont_email_post_to_subs":false,"_jetpack_newsletter_tier_id":0,"_jetpack_memberships_contains_paywalled_content":false,"_jetpack_memberships_contains_paid_content":false,"footnotes":""},"categories":[73],"tags":[22764,17829,26968,1850],"class_list":["post-80678","post","type-post","status-publish","format-standard","hentry","category-de-boleto","tag-campana-de-inmunizacion","tag-covid","tag-jornada-de-vacunacion","tag-manuel-huerta-ladron-de-guevara"],"jetpack_featured_media_url":"","jetpack_sharing_enabled":true,"jetpack_shortlink":"https:\/\/wp.me\/p4Qcd3-kZg","_links":{"self":[{"href":"https:\/\/lospoliticosveracruz.com.mx\/index.php?rest_route=\/wp\/v2\/posts\/80678","targetHints":{"allow":["GET"]}}],"collection":[{"href":"https:\/\/lospoliticosveracruz.com.mx\/index.php?rest_route=\/wp\/v2\/posts"}],"about":[{"href":"https:\/\/lospoliticosveracruz.com.mx\/index.php?rest_route=\/wp\/v2\/types\/post"}],"author":[{"embeddable":true,"href":"https:\/\/lospoliticosveracruz.com.mx\/index.php?rest_route=\/wp\/v2\/users\/2"}],"replies":[{"embeddable":true,"href":"https:\/\/lospoliticosveracruz.com.mx\/index.php?rest_route=%2Fwp%2Fv2%2Fcomments&post=80678"}],"version-history":[{"count":1,"href":"https:\/\/lospoliticosveracruz.com.mx\/index.php?rest_route=\/wp\/v2\/posts\/80678\/revisions"}],"predecessor-version":[{"id":80680,"href":"https:\/\/lospoliticosveracruz.com.mx\/index.php?rest_route=\/wp\/v2\/posts\/80678\/revisions\/80680"}],"wp:attachment":[{"href":"https:\/\/lospoliticosveracruz.com.mx\/index.php?rest_route=%2Fwp%2Fv2%2Fmedia&parent=80678"}],"wp:term":[{"taxonomy":"category","embeddable":true,"href":"https:\/\/lospoliticosveracruz.com.mx\/index.php?rest_route=%2Fwp%2Fv2%2Fcategories&post=80678"},{"taxonomy":"post_tag","embeddable":true,"href":"https:\/\/lospoliticosveracruz.com.mx\/index.php?rest_route=%2Fwp%2Fv2%2Ftags&post=80678"}],"curies":[{"name":"wp","href":"https:\/\/api.w.org\/{rel}","templated":true}]}}