{"id":80699,"date":"2021-10-15T08:40:53","date_gmt":"2021-10-15T13:40:53","guid":{"rendered":"https:\/\/lospoliticosveracruz.com.mx\/?p=80699"},"modified":"2021-10-15T08:40:59","modified_gmt":"2021-10-15T13:40:59","slug":"el-diputado-de-acayucan-pide-cuentas-claras-a-condado","status":"publish","type":"post","link":"https:\/\/lospoliticosveracruz.com.mx\/?p=80699","title":{"rendered":"El diputado de Acayucan pide cuentas claras a Condado"},"content":{"rendered":"\n<p><strong>Omar Z\u00fa\u00f1iga<br><\/strong><em>De Primera Mano Taj\u00edn<\/em><\/p>\n\n\n\n<p>De repente entr\u00f3 al comedor donde esper\u00e1bamos al invitado, un pelao de sombrero y marcado acento sure\u00f1o, camisa a cuadros y pantal\u00f3n de mezclilla, saludando a todos los ah\u00ed presentes, aunque con cierto desparpajo, tambi\u00e9n hab\u00eda cierta reserva (\u00bfdesconfianza?).<br>En t\u00e9rminos box\u00edsticos, nos est\u00e1bamos midiendo, era el primer round, el de reconocimiento.<br>No tard\u00f3 mucho, al final este hombre es emp\u00e1tico, ese marcado ajento jure\u00f1o (genuino, no como el gober xalape\u00f1osure\u00f1o) pero sincero, honesto, educado\u2026 es Marcos Mart\u00ednez, ingeniero civil de profesi\u00f3n, exalcalde de Acayucan y actual diputado electo por Morena, por el distrito 27 con cabecera en este municipio, que congrega a ocho demarcaciones municipales y que tomar\u00e1 protesta el 5 de noviembre pr\u00f3ximo.<\/p>\n\n\n\n<div class=\"wp-block-image\"><figure class=\"alignleft size-large is-resized\"><a href=\"https:\/\/lospoliticosveracruz.com.mx\/wp-content\/uploads\/2021\/10\/WhatsApp-Image-2021-10-02-at-15.20.25.jpeg\"><img loading=\"lazy\" decoding=\"async\" src=\"https:\/\/lospoliticosveracruz.com.mx\/wp-content\/uploads\/2021\/10\/WhatsApp-Image-2021-10-02-at-15.20.25-724x1024.jpeg\" alt=\"\" class=\"wp-image-80177\" width=\"250\" height=\"350\"\/><\/a><\/figure><\/div>\n\n\n\n<p><br>Como todas las reuniones del Grupo de los 10, fue una charla de amigos, pero que ciertamente arroja datos relevantes; el primero quiz\u00e1 es el destino de unos 21 millones de pesos, que Marcos Mart\u00ednez dej\u00f3 a la actual administraci\u00f3n encabezada por Cuitl\u00e1huac Condado Escamilla, producto de una denuncia interpuesta ante al Suprema Corte de Justicia de la Naci\u00f3n por la falta de pagos en el \u00faltimo tramo del gobierno de Javier Duarte, que fue ganada y ese dinero depositada a las arcas municipales.<br>S\u00f3lo lo que ahora se pregunta la ciudadan\u00eda acayuquense y el mismo diputado electo, es d\u00f3nde qued\u00f3 esa lana, pues cuando se le ha preguntado a Condado lo \u00fanico que dice es que se aplic\u00f3 y el discurso no por justo y bien trovado, deja de ser puro cuento, y lo que deber\u00eda ponerse a pensar es que Marcos Mart\u00ednez puede tener cierto inter\u00e9s en integrar (o presidir) la Comisi\u00f3n de Vigilancia y Cuenta P\u00fablica, uuuufff. Entonces lo mejor que puede hacer es empezar a sacar las facturas de abajo del colch\u00f3n y encomendarse al famos\u00edsimo Santo Auditordelorfis, porque, por si fuera poco, quien es alcaldesa electa (PRD) por la coalici\u00f3n Va por Veracruz es su c\u00f3nyuge Rosalba Rodr\u00edguez, aunque digan que los cargos no se heredan, jeje.<br>Otro tema que llam\u00f3 poderosamente la atenci\u00f3n, es la revelaci\u00f3n que en esta parte del estado de Veracruz persiste la existencia del paludismo, enfermedad que (yo) cre\u00eda erradicada y que coexiste con el dengue, zika y chikungunya, no es cosa simple, ya se ver\u00e1\u2026<br>Conocedor de las lides pol\u00edticas (y que aprendi\u00f3 en la escuela de la vida a punta de madrazos) sabe perfectamente que al interior del Congreso las cosas no estar\u00e1n f\u00e1ciles ni siquiera al interior de su grupo parlamentario, pero de alguna manera deber\u00e1 hacer valer los 60 mil votos que lo respaldan.<br>Comprometido con la labor social, buscar\u00e1 ayudar a su gente a trav\u00e9s de las comisiones de Salud y Asuntos \u00cdndigenas.<br>Sabe y est\u00e1 convencido que hay devolver algo de lo que ha recibido y esta es la situaci\u00f3n ideal.<br>Este pelao conoce la definici\u00f3n de la palabra humildad, ojal\u00e1 que algunos de sus correligionarios le aprendan algo y se bajen de ese ladrillo que los ha mareado hasta el punto del v\u00f3mito.<\/p>\n\n\n\n<hr class=\"wp-block-separator\"\/>\n\n\n\n<p>Nos contact\u00f3 nuevamente la se\u00f1ora Zulma, mam\u00e1 de la peque\u00f1a Zulma, apenas el martes pasado para informarnos que a pesar de que ya se hab\u00eda cumplido el lapso para la segunda dosis de Zulma, hasta ese momento nadie se hab\u00eda puesto en contacto con ellos para la aplicaci\u00f3n respectiva. Afortunadamente, apenas 24 horas despu\u00e9s, es decir el mi\u00e9rcoles, les avisaron que ayer jueves se realizar\u00eda la aplicaci\u00f3n de la dosis de refuerzo. Todo esto viene a cuento por que efectivamente, Zulma fue finalmente vacunada, sin embargo la queja es que los responsables de la aplicaci\u00f3n estaban de malas y no quer\u00edan ni siquiera que se tomara fotos de este emotivo acto (hay que recordar que pasaron las de Ca\u00edn para logar este derecho). \u00bfHay necesidad de reportarlo?, la respuesta es s\u00ed, pues mientras existan autoridades irresponsables como las que est\u00e1n al frente de la pandemia y la espada de Damocles como las declaraciones que apuntan a que el Ejecutivo Federal impugnar\u00e1 la decisi\u00f3n de un juzgado federal que le dio este derecho inalienable a los menores de 17 a\u00f1os para poder ser inoculados contra el Covid19, siempre es mejor tener las herramientas para defendernos. No hay democracia sin libertad de expresi\u00f3n y parafraseando al maestro de maestros Javier Dar\u00edo Restrepo: \u00abdecir la verdad es s\u00f3lo el primer paso, hay que lograr que nos crean e influir entre quienes nos creen\u00bb.<\/p>\n\n\n\n<hr class=\"wp-block-separator\"\/>\n\n\n\n<p>Pues finalmente se cumpli\u00f3 lo que le adelantamos De Primera Mano hace unas semanas. Juan Jos\u00e9 Gonz\u00e1lez Cazar\u00edn se sali\u00f3 con la suya y ser\u00e1 diputado; los sacrificados: H\u00e9ctor Yunes que dio paso a Arianna Guadalupe \u00c1ngeles en el caso del PRI y quien fue directamente afectado, Adri\u00e1n el Chino Avila de Movimiento Ciudadano que fue ofrecido en sacrificio y dejaron a MC sin bancada.<\/p>\n\n\n\n<p>\u00a1Qu\u00e9 barbaridad!<br>deprimera.mano2020@gmail.com<\/p>\n","protected":false},"excerpt":{"rendered":"<p>Omar Z\u00fa\u00f1igaDe Primera Mano Taj\u00edn De repente entr\u00f3 al comedor donde esper\u00e1bamos al invitado, un pelao de sombrero y marcado acento sure\u00f1o, camisa a cuadros y pantal\u00f3n de mezclilla, saludando a todos los ah\u00ed presentes, aunque con cierto desparpajo, tambi\u00e9n hab\u00eda cierta reserva (\u00bfdesconfianza?).En t\u00e9rminos box\u00edsticos, nos est\u00e1bamos midiendo, era el primer round, el de [&hellip;]<\/p>\n","protected":false},"author":2,"featured_media":0,"comment_status":"closed","ping_status":"closed","sticky":false,"template":"","format":"standard","meta":{"_jetpack_newsletter_access":"","_jetpack_dont_email_post_to_subs":false,"_jetpack_newsletter_tier_id":0,"_jetpack_memberships_contains_paywalled_content":false,"_jetpack_memberships_contains_paid_content":false,"footnotes":""},"categories":[70],"tags":[103,8437,119,30378,30832,6443,28705,107,30833],"class_list":["post-80699","post","type-post","status-publish","format-standard","hentry","category-de-opinion","tag-acayucan","tag-cuitlahuac-condado-escamilla","tag-hector-yunes","tag-juan-jose-gonzalez-cazarin","tag-marcos-martinez","tag-mc","tag-omar-zuniga","tag-prd","tag-rosalba-rodriguez"],"jetpack_featured_media_url":"","jetpack_sharing_enabled":true,"jetpack_shortlink":"https:\/\/wp.me\/p4Qcd3-kZB","_links":{"self":[{"href":"https:\/\/lospoliticosveracruz.com.mx\/index.php?rest_route=\/wp\/v2\/posts\/80699","targetHints":{"allow":["GET"]}}],"collection":[{"href":"https:\/\/lospoliticosveracruz.com.mx\/index.php?rest_route=\/wp\/v2\/posts"}],"about":[{"href":"https:\/\/lospoliticosveracruz.com.mx\/index.php?rest_route=\/wp\/v2\/types\/post"}],"author":[{"embeddable":true,"href":"https:\/\/lospoliticosveracruz.com.mx\/index.php?rest_route=\/wp\/v2\/users\/2"}],"replies":[{"embeddable":true,"href":"https:\/\/lospoliticosveracruz.com.mx\/index.php?rest_route=%2Fwp%2Fv2%2Fcomments&post=80699"}],"version-history":[{"count":1,"href":"https:\/\/lospoliticosveracruz.com.mx\/index.php?rest_route=\/wp\/v2\/posts\/80699\/revisions"}],"predecessor-version":[{"id":80701,"href":"https:\/\/lospoliticosveracruz.com.mx\/index.php?rest_route=\/wp\/v2\/posts\/80699\/revisions\/80701"}],"wp:attachment":[{"href":"https:\/\/lospoliticosveracruz.com.mx\/index.php?rest_route=%2Fwp%2Fv2%2Fmedia&parent=80699"}],"wp:term":[{"taxonomy":"category","embeddable":true,"href":"https:\/\/lospoliticosveracruz.com.mx\/index.php?rest_route=%2Fwp%2Fv2%2Fcategories&post=80699"},{"taxonomy":"post_tag","embeddable":true,"href":"https:\/\/lospoliticosveracruz.com.mx\/index.php?rest_route=%2Fwp%2Fv2%2Ftags&post=80699"}],"curies":[{"name":"wp","href":"https:\/\/api.w.org\/{rel}","templated":true}]}}