{"id":8074,"date":"2010-01-26T02:25:00","date_gmt":"2010-01-26T02:25:00","guid":{"rendered":"http:\/\/www.lospoliticosveracruz.com.mx\/?p=8074"},"modified":"2014-10-08T19:01:17","modified_gmt":"2014-10-08T19:01:17","slug":"el-cuerpo","status":"publish","type":"post","link":"https:\/\/lospoliticosveracruz.com.mx\/?p=8074","title":{"rendered":"El cuerpo"},"content":{"rendered":"<p><strong>Salvador Mu\u00f1oz<\/strong><br \/><em>Los Pol\u00edticos<\/em><\/p>\n<p>Tengo en mi poder, desde ayer domingo, fotos (no publicadas) y video de la mujer que apareci\u00f3 en Boca del R\u00edo descuartizada pero que en el noticiario de Loret de Mola, Primero Noticias, no apareci\u00f3.<br \/>Dichas fotos y video enviados al correo de manera an\u00f3nima.<br \/>Algunas preguntas en torno a esta mujer:<br \/>La primera\u2026<br \/>\u00bfCu\u00e1l es el inter\u00e9s de que se diera a conocer esta noticia escandalosa? Si quer\u00edan hacer bulla, lo lograron. En la p\u00e1gina virtual de El Universal estuvo como principal por unas horas ese domingo. En Reforma, igual. En algunos medios virtuales de otros estados \u00a1del mismo modo! Es decir, el esc\u00e1ndalo se logr\u00f3.<br \/>La segunda\u2026<br \/>\u00bfQui\u00e9n dijo que era la funcionaria del Poder Judicial de la Federaci\u00f3n? \u00bfPor qu\u00e9 los medios de informaci\u00f3n dieron por hecho que era Nayeli? \u00bfQui\u00e9n se los dijo? \u00bfde d\u00f3nde sali\u00f3 esa informaci\u00f3n?<br \/>Nota tras nota que le\u00ed, todo mundo dec\u00eda que era Nayeli\u2026 nadie dud\u00f3, todos afirmaron.<br \/>Tercera\u2026<br \/>\u00bfCu\u00e1l era el inter\u00e9s de hacer pasar el cuerpo de esa mujer como el de Nayeli Reyes Santos?<br \/>Fidel Herrera Beltr\u00e1n dice que los facinerosos \u201carrojan un cuerpo de alguien que pretenden hacer pasar por Nayeli, pero no es Nayeli\u201d.<br \/>A menos que los facinerosos hayan dicho \u201ces Nayeli\u201d a la PGR, a la Sedena o a las autoridades estatales y esa informaci\u00f3n la haya recibido el Gobernador, se entiende entonces que diga que \u201clos facinerosos pretendieron eso\u201d.<br \/>Pero, hasta donde nos quedamos, los facinerosos s\u00f3lo dejaron el cuerpo y no dijeron que era el cuerpo de Nayeli\u2026 \u00bfde d\u00f3nde sac\u00f3 eso el Gober?<br \/>Las fotos que recibo evidencian cortes muy burdos a comparaci\u00f3n de los que recibi\u00f3 hace a\u00f1os Sonia Patricia, joven descuartizada en Xalapa.<br \/>El video exhibe c\u00f3mo realmente trabajan nuestras autoridades judiciales y de seguridad p\u00fablica\u2026 sin tacto, sin sensibilidad\u2026 sin un asomo de respeto y mucho de menos de cuidado para el cuerpo de la mujer.<br \/>Un polic\u00eda arroja, sin miramientos \u00a1a la batea de una patrulla! los brazos esposados de ese cuerpo y por lo que se ve, ya hab\u00eda arrojado las piernas. Las condiciones en que se trata la cabeza es incre\u00edble: \u00a1De los cabellos la levantan y la arrojan a la batea!<br \/>Similar trato al tronco del cuerpo.<br \/>Digo \u201cArrojan\u201d porque no hubo delicadeza en el trato. Uno ve mucha televisi\u00f3n y cuando se recogen los restos mortales de alguien (en las mismas condiciones que el de esa mujer), \u00e9stos son depositados en una camilla, a veces en bolsas, al igual que los accesorios de la v\u00edctima y una ambulancia o veh\u00edculo con un letrero de \u201cForense\u201d se encarga de llevarse esos restos\u2026<br \/>En Veracruz, no.<br \/>Por eso digo, los restos de esa mujer fueron \u201carrojados\u201d a la batea porque no se dio el trato de investigaci\u00f3n que debe tener el levantar u cad\u00e1ver y ni se utiliz\u00f3 veh\u00edculo ex profeso para el evento.<br \/>La patrulla est\u00e1 identificada por PIVB 322, si no me enga\u00f1a el video que vi.<br \/>\u00bfCu\u00e1l era la prisa por recoger el cad\u00e1ver?<br \/>\u00bfPor qu\u00e9 no esperar al servicio forense?<br \/>\u00bfPor qu\u00e9 exhibir la falta de criterio de Seguridad P\u00fablica a la hora de levantar esos restos?<br \/>\u00bfQui\u00e9n orden\u00f3 que se actuara como \u201ccleaner\u201d (t\u00e9rmino que se utiliza en la mafia para limpiar un lugar donde ocurri\u00f3 un crimen) en esa calle de Boca del R\u00edo?<br \/>Por supuesto\u2026 las fotos y el video est\u00e1n a disposici\u00f3n de las autoridades del Ministerio P\u00fablico para que vean c\u00f3mo trabaja nuestra Seguridad P\u00fablica.<br \/>PD No las voy a publicar\u2026 realmente se ofender\u00eda el Gobernador ante la actitud de los muchachitos de L\u00f3pez Esquer.<br \/>Aunque es claro algo\u2026 seguimos en pa\u00f1ales con relaci\u00f3n al trabajo de investigaci\u00f3n ministerial.<\/p>\n<p>e-mail: dor00@hotmail.com<\/p>\n","protected":false},"excerpt":{"rendered":"<p>Salvador Mu\u00f1ozLos Pol\u00edticos Tengo en mi poder, desde ayer domingo, fotos (no publicadas) y video de la mujer que apareci\u00f3 en Boca del R\u00edo descuartizada pero que en el noticiario de Loret de Mola, Primero Noticias, no apareci\u00f3.Dichas fotos y video enviados al correo de manera an\u00f3nima.Algunas preguntas en torno a esta mujer:La primera\u2026\u00bfCu\u00e1l es [&hellip;]<\/p>\n","protected":false},"author":1,"featured_media":0,"comment_status":"open","ping_status":"open","sticky":false,"template":"","format":"standard","meta":{"_jetpack_newsletter_access":"","_jetpack_dont_email_post_to_subs":false,"_jetpack_newsletter_tier_id":0,"_jetpack_memberships_contains_paywalled_content":false,"_jetpack_memberships_contains_paid_content":false,"footnotes":""},"categories":[1],"tags":[],"class_list":["post-8074","post","type-post","status-publish","format-standard","hentry","category-sin-categoria"],"jetpack_featured_media_url":"","jetpack_sharing_enabled":true,"jetpack_shortlink":"https:\/\/wp.me\/p4Qcd3-26e","_links":{"self":[{"href":"https:\/\/lospoliticosveracruz.com.mx\/index.php?rest_route=\/wp\/v2\/posts\/8074","targetHints":{"allow":["GET"]}}],"collection":[{"href":"https:\/\/lospoliticosveracruz.com.mx\/index.php?rest_route=\/wp\/v2\/posts"}],"about":[{"href":"https:\/\/lospoliticosveracruz.com.mx\/index.php?rest_route=\/wp\/v2\/types\/post"}],"author":[{"embeddable":true,"href":"https:\/\/lospoliticosveracruz.com.mx\/index.php?rest_route=\/wp\/v2\/users\/1"}],"replies":[{"embeddable":true,"href":"https:\/\/lospoliticosveracruz.com.mx\/index.php?rest_route=%2Fwp%2Fv2%2Fcomments&post=8074"}],"version-history":[{"count":0,"href":"https:\/\/lospoliticosveracruz.com.mx\/index.php?rest_route=\/wp\/v2\/posts\/8074\/revisions"}],"wp:attachment":[{"href":"https:\/\/lospoliticosveracruz.com.mx\/index.php?rest_route=%2Fwp%2Fv2%2Fmedia&parent=8074"}],"wp:term":[{"taxonomy":"category","embeddable":true,"href":"https:\/\/lospoliticosveracruz.com.mx\/index.php?rest_route=%2Fwp%2Fv2%2Fcategories&post=8074"},{"taxonomy":"post_tag","embeddable":true,"href":"https:\/\/lospoliticosveracruz.com.mx\/index.php?rest_route=%2Fwp%2Fv2%2Ftags&post=8074"}],"curies":[{"name":"wp","href":"https:\/\/api.w.org\/{rel}","templated":true}]}}