{"id":8075,"date":"2010-01-26T02:12:00","date_gmt":"2010-01-26T02:12:00","guid":{"rendered":"http:\/\/www.lospoliticosveracruz.com.mx\/?p=8075"},"modified":"2014-10-08T19:01:18","modified_gmt":"2014-10-08T19:01:18","slug":"obesos","status":"publish","type":"post","link":"https:\/\/lospoliticosveracruz.com.mx\/?p=8075","title":{"rendered":"Obesos"},"content":{"rendered":"<blockquote><p>\u00bfNo que no? el numero uno. La obesidad ya es asunto de todos y de agenda nacional.<br \/>M\u00e9xico es actualmente el pa\u00eds con el mayor n\u00famero de personas adultas con sobrepeso en el mundo y, tambi\u00e9n, somos por desgracia el pa\u00eds con el mayor problema de obesidad infantil en todo el mundo.<\/p><\/blockquote>\n<p><strong>Arturo Reyes Gonz\u00e1lez<\/strong><br \/><em>No hablemos de pol\u00edtica<\/em><\/p>\n<p>Definitivamente creo que el asunto que actualmente padecemos de \u201csobrepeso\u201d y \u201cobesidad\u201d en M\u00e9xico tiene mucho que ver con la situaci\u00f3n econ\u00f3mica que padecemos y con la avasalladora influencia de la globalizaci\u00f3n.<br \/>\u00bfLa situaci\u00f3n econ\u00f3mica?  S\u00ed, claro, seguro\u2026 primero porque he sido testigo de la enorme cantidad de ciudadanos xalape\u00f1os que ahora ven como una \u201cbuena\u201d opci\u00f3n los menus econ\u00f3micos de las cadenas de comida chatarra internacional Mc Donalds y Burguer King, claro, van a decir que esta reflexi\u00f3n es como las super y representativas encuestas de Pedro Ferriz, en la pagina de grupo Imagen, en las que cuando registra a m\u00e1s de mil mexicanos que concuerdan con lo que \u00e9l plantea, celebra lanzando sendas frases, amenazas y acusaciones en contra del tema o los personajes involucrados.<br \/>Pero puede ser cierto, los mexicanos comemos mal porque las opciones a las que estamos recurriendo creemos que son eso, opciones alimentativas, nunca nutricionales.<br \/>Simplemente hagamos cuentas de cu\u00e1nto nos cuesta en realidad comer sano, o al menos equilibrado ante los altos costos de los alimentos en nuestro pa\u00eds.<br \/>El tiempo es otro factor, es m\u00e1s f\u00e1cil y r\u00e1pido ir a la plaza y comprar algo ya cocinado, que en algunos casos ir a casa (y gastar gasolina, llantas, tolerar el tr\u00e1fico, etc.) o al menos eso dicen algunos.<br \/>Los que trabajan en el centro de la ciudad \u2013 al menos de Xalapa- ya comen en las cocinas econ\u00f3micas o corridas de la zona, porque algunas veces no tendr\u00e1n el tiempo de trasladarse a otro punto de la ciudad.<br \/>Mi t\u00eda Esther me dec\u00eda este domingo, que antes era rico y com\u00fan sentarse a la mesa y disfrutar de unos ricos frijolitos de olla, de tortillitas de mano, salsa y platillos de la cocina tradicional, pero que ahora los j\u00f3venes piensan de manera indudable en pizza y en hamburguesas, como si fueran gringos; pero ya no es asunto nada mas de gringos, ya es una realidad de nuestro pa\u00eds, que no les critica simplemente les copia.  <br \/>No, ya no, ya son otros tiempos\u2026 es el siglo XXI; es la posmodernidad\u2026<br \/>Ahora, por otra parte, esta el de la depresi\u00f3n, realmente es deprimente ver como es que el sueldo no alcanza, como es que cada vez podemos aspirar a endrogarnos menos, aunque haya venta nocturna o especial todo el d\u00eda, cada semana\u2026<br \/>Estoy seguro que ante eso muchos mexicanos comen, no comida, si no lo que puedan, por impulso, por nervio, por tener un satisfactor pleno, comen,  <br \/>As\u00ed es que ahora M\u00e9xico \u2013lo dijo L\u00f3pez Doriga en Televisa la semana pasada- es un pa\u00eds donde la mitad de la poblaci\u00f3n es \u201cobesa\u201d\u2026<br \/>Lo confirm\u00f3 el Presidente Felipe Calder\u00f3n: <br \/>\u00abEl 70% de los adultos en M\u00e9xico est\u00e1n excedidos de pesos, as\u00ed como cuatro millones y medio de ni\u00f1os entre los cinco y los 11 a\u00f1os.\u00bb <br \/>\u00abDe 1980 a la fecha, el porcentaje de mexicanas y mexicanos con sobrepeso u obesidad se ha triplicado en casi 30 a\u00f1os\u00bb, a\u00f1adi\u00f3. <br \/>Caray, somos un pa\u00eds que va directo al colapso de su sistema de salud; cuando era peque\u00f1o cre\u00eda fielmente que cuando fuera adulto iba a morir de una explosi\u00f3n radioactiva (la cual aun no est\u00e1 descartada), atropellado por un auto volador, en una c\u00e1mara especial de tratamiento de enfermedades nuevas descubiertas en pleno siglo XXI, por un virus alien\u00edgena, \u00bfpero de diabetes? \u00a1Que chafa!<br \/>Y es que resulta que el sobrepeso duplica o triplica el riesgo de padecer enfermedades cr\u00f3nicas, como hipertensi\u00f3n arterial, infartos, enfermedades vasculares; pero tambi\u00e9n, c\u00e1ncer de mama, c\u00e1ncer de es\u00f3fago o c\u00e1ncer de ri\u00f1\u00f3n.  <br \/>Ingue su, no, pobres pero no flacos\u2026<br \/>Y nuestros peques, ni\u00f1os, hijos, sobrinos, ahijados\u2026 \u00bfqu\u00e9 est\u00e1n comiendo en la escuela?<\/p>\n","protected":false},"excerpt":{"rendered":"<p>\u00bfNo que no? el numero uno. La obesidad ya es asunto de todos y de agenda nacional.M\u00e9xico es actualmente el pa\u00eds con el mayor n\u00famero de personas adultas con sobrepeso en el mundo y, tambi\u00e9n, somos por desgracia el pa\u00eds con el mayor problema de obesidad infantil en todo el mundo. Arturo Reyes Gonz\u00e1lezNo hablemos [&hellip;]<\/p>\n","protected":false},"author":1,"featured_media":0,"comment_status":"open","ping_status":"open","sticky":false,"template":"","format":"standard","meta":{"_jetpack_newsletter_access":"","_jetpack_dont_email_post_to_subs":false,"_jetpack_newsletter_tier_id":0,"_jetpack_memberships_contains_paywalled_content":false,"_jetpack_memberships_contains_paid_content":false,"footnotes":""},"categories":[1],"tags":[],"class_list":["post-8075","post","type-post","status-publish","format-standard","hentry","category-sin-categoria"],"jetpack_featured_media_url":"","jetpack_sharing_enabled":true,"jetpack_shortlink":"https:\/\/wp.me\/s4Qcd3-obesos","_links":{"self":[{"href":"https:\/\/lospoliticosveracruz.com.mx\/index.php?rest_route=\/wp\/v2\/posts\/8075","targetHints":{"allow":["GET"]}}],"collection":[{"href":"https:\/\/lospoliticosveracruz.com.mx\/index.php?rest_route=\/wp\/v2\/posts"}],"about":[{"href":"https:\/\/lospoliticosveracruz.com.mx\/index.php?rest_route=\/wp\/v2\/types\/post"}],"author":[{"embeddable":true,"href":"https:\/\/lospoliticosveracruz.com.mx\/index.php?rest_route=\/wp\/v2\/users\/1"}],"replies":[{"embeddable":true,"href":"https:\/\/lospoliticosveracruz.com.mx\/index.php?rest_route=%2Fwp%2Fv2%2Fcomments&post=8075"}],"version-history":[{"count":0,"href":"https:\/\/lospoliticosveracruz.com.mx\/index.php?rest_route=\/wp\/v2\/posts\/8075\/revisions"}],"wp:attachment":[{"href":"https:\/\/lospoliticosveracruz.com.mx\/index.php?rest_route=%2Fwp%2Fv2%2Fmedia&parent=8075"}],"wp:term":[{"taxonomy":"category","embeddable":true,"href":"https:\/\/lospoliticosveracruz.com.mx\/index.php?rest_route=%2Fwp%2Fv2%2Fcategories&post=8075"},{"taxonomy":"post_tag","embeddable":true,"href":"https:\/\/lospoliticosveracruz.com.mx\/index.php?rest_route=%2Fwp%2Fv2%2Ftags&post=8075"}],"curies":[{"name":"wp","href":"https:\/\/api.w.org\/{rel}","templated":true}]}}