{"id":80751,"date":"2021-10-16T16:46:09","date_gmt":"2021-10-16T21:46:09","guid":{"rendered":"https:\/\/lospoliticosveracruz.com.mx\/?p=80751"},"modified":"2021-10-16T16:46:18","modified_gmt":"2021-10-16T21:46:18","slug":"tito-con-las-panistas-de-veracruz","status":"publish","type":"post","link":"https:\/\/lospoliticosveracruz.com.mx\/?p=80751","title":{"rendered":"Tito, con las panistas de Veracruz!"},"content":{"rendered":"\n<p><\/p>\n\n\n\n<p><em>Veracruz<\/em><br>Al reunirse con mujeres panistas de todo el estado, Tito Delf\u00edn Cano, candidato a presidir el Comit\u00e9 Directivo Estatal del PAN, dijo que coincide con Miguel \u00c1ngel Yunes M\u00e1rquez en construir un Veracruz con mayores oportunidades reales para todos.<\/p>\n\n\n\n<p>\u201cAgradezco y honro a todas las mujeres que tienen aspiraciones y desde cualquier trinchera luchan para impulsar a sus familias, sue\u00f1os y est\u00e1n convencidas de que debemos anhelar un estado con oportunidades reales para todos\u201d, se\u00f1al\u00f3 en su discurso Tito Delf\u00edn Cano.<\/p>\n\n\n\n<p>El aspirante a dirigir al panismo veracruzano afirm\u00f3 adem\u00e1s que \u201cgracias a mi amigo Miguel \u00c1ngel Yunes M\u00e1rquez por compartir este compromiso y emoci\u00f3n que se llama Veracruz\u201d.<\/p>\n\n\n\n<p>En dicha reuni\u00f3n se refrend\u00f3 el respaldo de ambos panistas a todas las mujeres y ellas reiteraron su apoyo al proyecto que encabeza Delf\u00edn Cano.<\/p>\n\n\n\n<p><\/p>\n","protected":false},"excerpt":{"rendered":"<p>VeracruzAl reunirse con mujeres panistas de todo el estado, Tito Delf\u00edn Cano, candidato a presidir el Comit\u00e9 Directivo Estatal del PAN, dijo que coincide con Miguel \u00c1ngel Yunes M\u00e1rquez en construir un Veracruz con mayores oportunidades reales para todos. \u201cAgradezco y honro a todas las mujeres que tienen aspiraciones y desde cualquier trinchera luchan para [&hellip;]<\/p>\n","protected":false},"author":2,"featured_media":0,"comment_status":"closed","ping_status":"closed","sticky":false,"template":"","format":"standard","meta":{"_jetpack_newsletter_access":"","_jetpack_dont_email_post_to_subs":false,"_jetpack_newsletter_tier_id":0,"_jetpack_memberships_contains_paywalled_content":false,"_jetpack_memberships_contains_paid_content":false,"footnotes":""},"categories":[73],"tags":[536,266,5016,7518,195],"class_list":["post-80751","post","type-post","status-publish","format-standard","hentry","category-de-boleto","tag-miguel-angel-yunes-marquez","tag-pan","tag-panistas","tag-tito-delfin-cano","tag-veracruz"],"jetpack_featured_media_url":"","jetpack_sharing_enabled":true,"jetpack_shortlink":"https:\/\/wp.me\/p4Qcd3-l0r","_links":{"self":[{"href":"https:\/\/lospoliticosveracruz.com.mx\/index.php?rest_route=\/wp\/v2\/posts\/80751","targetHints":{"allow":["GET"]}}],"collection":[{"href":"https:\/\/lospoliticosveracruz.com.mx\/index.php?rest_route=\/wp\/v2\/posts"}],"about":[{"href":"https:\/\/lospoliticosveracruz.com.mx\/index.php?rest_route=\/wp\/v2\/types\/post"}],"author":[{"embeddable":true,"href":"https:\/\/lospoliticosveracruz.com.mx\/index.php?rest_route=\/wp\/v2\/users\/2"}],"replies":[{"embeddable":true,"href":"https:\/\/lospoliticosveracruz.com.mx\/index.php?rest_route=%2Fwp%2Fv2%2Fcomments&post=80751"}],"version-history":[{"count":1,"href":"https:\/\/lospoliticosveracruz.com.mx\/index.php?rest_route=\/wp\/v2\/posts\/80751\/revisions"}],"predecessor-version":[{"id":80753,"href":"https:\/\/lospoliticosveracruz.com.mx\/index.php?rest_route=\/wp\/v2\/posts\/80751\/revisions\/80753"}],"wp:attachment":[{"href":"https:\/\/lospoliticosveracruz.com.mx\/index.php?rest_route=%2Fwp%2Fv2%2Fmedia&parent=80751"}],"wp:term":[{"taxonomy":"category","embeddable":true,"href":"https:\/\/lospoliticosveracruz.com.mx\/index.php?rest_route=%2Fwp%2Fv2%2Fcategories&post=80751"},{"taxonomy":"post_tag","embeddable":true,"href":"https:\/\/lospoliticosveracruz.com.mx\/index.php?rest_route=%2Fwp%2Fv2%2Ftags&post=80751"}],"curies":[{"name":"wp","href":"https:\/\/api.w.org\/{rel}","templated":true}]}}