{"id":80755,"date":"2021-10-16T17:26:22","date_gmt":"2021-10-16T22:26:22","guid":{"rendered":"https:\/\/lospoliticosveracruz.com.mx\/?p=80755"},"modified":"2021-10-16T17:26:26","modified_gmt":"2021-10-16T22:26:26","slug":"le-entra-con-su-cuerno-invivienda-en-el-puerto","status":"publish","type":"post","link":"https:\/\/lospoliticosveracruz.com.mx\/?p=80755","title":{"rendered":"Le entra con su cuerno Invivienda en el Puerto"},"content":{"rendered":"\n<p><\/p>\n\n\n\n<p><strong>Veracruz<br><\/strong>Con la finalidad de apoyar a los sectores m\u00e1s desprotegidos, el gobierno federal en coordinaci\u00f3n con el gobierno del estado de Veracruz impulsa el programa \u201cVivienda Social 2021\u201d, son 42 proyectos que de manera inicial se est\u00e1n llevando a cabo en el puerto de Veracruz en las colonias m\u00e1s populares.<br>\u201cEste programa es para familias muy alto rezago social, en condiciones de muy alta vulnerabilidad habitacional, por ello estamos visitando y corroborando los beneficiados que se han inscrito en el programa, para que de tal manera los apoyos lleguen a quienes m\u00e1s lo necesitan\u201d, coment\u00f3 Hazael Flores Castro, gerente general del Instituto Veracruzano de la Vivienda.<br>Adem\u00e1s asegur\u00f3 que, la obra civil de este programa de Vivienda Social 2021 iniciar\u00e1 la siguiente semana, el cual es totalmente gratuito y sin condicionamientos a los beneficiados, mismos que ahora pueden tramitar su gesti\u00f3n de manera directa, sin necesidad de intermediarios o l\u00edderes de agrupaciones que determinaban quienes pod\u00edan ser parte de estos programas.<br>\u201cEstamos trabajando de manera puntual en apoyar a quienes verdaderamente m\u00e1s lo necesitan y este ser\u00e1 un programa permanente que el pr\u00f3ximo a\u00f1os esperamos incrementar el n\u00famero de beneficiados, ese es nuestro compromiso como servidores p\u00fablicos, contamos con un m\u00f3dulo de atenci\u00f3n de la regi\u00f3n del puerto de Veracruz ubicada dentro de plaza acuario, con el delgado Arturo Buend\u00eda, donde pueden ponerse en contacto de manera directa\u201d, mencion\u00f3 Hazael Flores Castro.<br>Por otro lado, invit\u00f3 a la ciudadan\u00eda de la Reserva Matacocuite de las secciones A, B y C, el pr\u00f3ximo 21, 22 y 23 de octubre en un horario de 9:00 a 15:00 horas el Instituto Veracruzano de la Vivienda llevar\u00e1 a cabo la jornada de regularizaci\u00f3n de lotes de inter\u00e9s social, esto como parte de la estrategia nacional y estatal para generar certeza jur\u00eddica que presentan un rezago de muchos a\u00f1os.<br>\u201cEste tipo de programas no tienen costo y la intenci\u00f3n siempre ha sido el apoyar de una manera honesta y cercana a la gente, esa es la encomienda que tenemos y por la que seguiremos trabajando, por ello seguiremos invitando a la ciudadan\u00eda a acercarse y conocer todos estos beneficios que dignifican de manera tangible las condiciones de vida de los veracruzanos\u201d, finaliz\u00f3 Hazael Flores Castro.<\/p>\n","protected":false},"excerpt":{"rendered":"<p>VeracruzCon la finalidad de apoyar a los sectores m\u00e1s desprotegidos, el gobierno federal en coordinaci\u00f3n con el gobierno del estado de Veracruz impulsa el programa \u201cVivienda Social 2021\u201d, son 42 proyectos que de manera inicial se est\u00e1n llevando a cabo en el puerto de Veracruz en las colonias m\u00e1s populares.\u201cEste programa es para familias muy [&hellip;]<\/p>\n","protected":false},"author":2,"featured_media":0,"comment_status":"closed","ping_status":"closed","sticky":false,"template":"","format":"standard","meta":{"_jetpack_newsletter_access":"","_jetpack_dont_email_post_to_subs":false,"_jetpack_newsletter_tier_id":0,"_jetpack_memberships_contains_paywalled_content":false,"_jetpack_memberships_contains_paid_content":false,"footnotes":""},"categories":[73],"tags":[15625,30851,195],"class_list":["post-80755","post","type-post","status-publish","format-standard","hentry","category-de-boleto","tag-hazael-flores-castro","tag-reserva-matacocuite","tag-veracruz"],"jetpack_featured_media_url":"","jetpack_sharing_enabled":true,"jetpack_shortlink":"https:\/\/wp.me\/p4Qcd3-l0v","_links":{"self":[{"href":"https:\/\/lospoliticosveracruz.com.mx\/index.php?rest_route=\/wp\/v2\/posts\/80755","targetHints":{"allow":["GET"]}}],"collection":[{"href":"https:\/\/lospoliticosveracruz.com.mx\/index.php?rest_route=\/wp\/v2\/posts"}],"about":[{"href":"https:\/\/lospoliticosveracruz.com.mx\/index.php?rest_route=\/wp\/v2\/types\/post"}],"author":[{"embeddable":true,"href":"https:\/\/lospoliticosveracruz.com.mx\/index.php?rest_route=\/wp\/v2\/users\/2"}],"replies":[{"embeddable":true,"href":"https:\/\/lospoliticosveracruz.com.mx\/index.php?rest_route=%2Fwp%2Fv2%2Fcomments&post=80755"}],"version-history":[{"count":1,"href":"https:\/\/lospoliticosveracruz.com.mx\/index.php?rest_route=\/wp\/v2\/posts\/80755\/revisions"}],"predecessor-version":[{"id":80757,"href":"https:\/\/lospoliticosveracruz.com.mx\/index.php?rest_route=\/wp\/v2\/posts\/80755\/revisions\/80757"}],"wp:attachment":[{"href":"https:\/\/lospoliticosveracruz.com.mx\/index.php?rest_route=%2Fwp%2Fv2%2Fmedia&parent=80755"}],"wp:term":[{"taxonomy":"category","embeddable":true,"href":"https:\/\/lospoliticosveracruz.com.mx\/index.php?rest_route=%2Fwp%2Fv2%2Fcategories&post=80755"},{"taxonomy":"post_tag","embeddable":true,"href":"https:\/\/lospoliticosveracruz.com.mx\/index.php?rest_route=%2Fwp%2Fv2%2Ftags&post=80755"}],"curies":[{"name":"wp","href":"https:\/\/api.w.org\/{rel}","templated":true}]}}