{"id":8077,"date":"2010-01-25T13:47:00","date_gmt":"2010-01-25T13:47:00","guid":{"rendered":"http:\/\/www.lospoliticosveracruz.com.mx\/?p=8077"},"modified":"2014-10-08T19:01:18","modified_gmt":"2014-10-08T19:01:18","slug":"consideraciones-en-torno-a-las-alianzas-pan-prd","status":"publish","type":"post","link":"https:\/\/lospoliticosveracruz.com.mx\/?p=8077","title":{"rendered":"Consideraciones en torno a las alianzas PAN-PRD"},"content":{"rendered":"<p><strong>Ra\u00fal Abraham L\u00f3pez Mart\u00ednez*<\/strong><br \/><em>Coyuntura Pol\u00edtica XXI<\/em><\/p>\n<p>En pol\u00edtica la divisi\u00f3n entre el pensamiento racional y el fundamentalismo se encuentran separados por una muy delgada l\u00ednea. Estos aspectos del \u00e1mbito pol\u00edtico se pueden apreciar de distintas formas dependiendo del sistema cultural al cual se haga referencia.<br \/>En este caso, me voy a centrar en torno a las fricciones discursivas que se han presentado en los recientes d\u00edas sobre el tema de las alianzas PAN-PRD.<br \/>Lo anterior me parece que es un buen ejemplo en d\u00f3nde de manera pr\u00e1ctica podemos identificar los dardos que se intercambian entre el pensamiento racional y el fundamentalismo pol\u00edtico.<br \/>Sobre este asunto se han dejado ver con suficiente claridad los que se encuentran a favor o en contra de este tipo de alianzas. Es una cuesti\u00f3n que ha generado una fuerte efervescencia.  <br \/>Entre los que han cuestionado severamente esta forma de participaci\u00f3n electoral, se encuentran distinguidas voces del PRI, de Vicente Fox,  de Ricardo Alem\u00e1n columnista de El Universal, de Andr\u00e9s Manuel L\u00f3pez Obrador, de acad\u00e9micos de izquierda como Arnaldo C\u00f3rdova, y Antonio Gershenson, entre otros.<br \/>Este diverso grupo de gente relacionada con la izquierda, la derecha y un desfigurado pri\u00edsmo que cuando le conviene se dice nacionalista pero que sus legisladores y gobernadores son promotores activos del neoliberalismo, han coincidido en que este tipo de alianzas  son de tipo \u201cantinatura\u201d  y que se atenta en contra de los \u201cprincipios  y congruencia de la izquierda\u201d.<br \/>Instal\u00e1ndose de facto en un peculiar comit\u00e9 de la santa inquisi\u00f3n, sus integrantes se han dado rienda suelta en descalificar al PRD en su intento de consolidar una alianza electoral con el PAN en los estados de Oaxaca, Hidalgo y Puebla. <br \/>La postura que han asumido los pri\u00edstas es acorde a sus intereses, tienen la certeza de que si se llega a concretar una alianza PAN-PRD van a perder al vuelo tres gubernaturas, y en consecuencia su regreso a Los Pinos se va a ver frustrado.<br \/>Por su parte, el movimiento lopezobradorista rodeado de neosalinistas y la izquierda acad\u00e9mica, ungidos en un exasperante puritanismo hacen un llamado para defender a la izquierda de sus \u201ctraidores\u201d.<br \/>Se equivocan estos sui g\u00e9neris puritanos con tendencia al fundamentalismo ideol\u00f3gico, se equivocan al identificar al PRD como un partido de izquierda. En un sentido estricto el PRD no es un partido de izquierda, a lo mucho en ese partido confluyen una serie de actores y movimientos sociales vinculados con la izquierda, aun con esta confluencia no es suficiente para pegarle la etiqueta de \u201cizquierda\u201d. <br \/>Sin la prevalencia de un PRD de izquierda, los puritanos que ven en el Sol Azteca lo que no existe se quedan bailando en la lona.<br \/>En un sentido contrario a estas cr\u00edticas, nos encontramos con una dirigencia nacional del PRD  encabezada por Jes\u00fas Ortega haciendo un fuerte esfuerzo para sacar al PRI de Oaxaca, Hidalgo y Puebla, lugares en los que por m\u00e1s de 80 a\u00f1os ha gobernado el mismo partido pol\u00edtico, promoviendo la conformaci\u00f3n de un amplio bloque electoral entre Convergencia, el PAN y el PRD, en tan s\u00f3lo tres de los 10 estados de la rep\u00fablica que van a tener elecci\u00f3n de gobernador.<br \/>El objetivo de esta alianza, recae en el reconocimiento de separar al PRI de estos gobiernos estatales. El escenario al que se quiere llegar consumada la derrota de este partido podrido desde la base hasta la c\u00fapula, consiste en aplicar una serie de medidas para democratizar estas entidades estatales. <br \/>En el caso de Oaxaca, en el a\u00f1o de 2004 se present\u00f3 una alianza de este tipo,  \u201cTodos Somos Oaxaca\u201d conformada por el PRD-Convergencia y el PAN, postulando a Gabino Cue para gobernador. <br \/>Si bien el PAN y el PRD  son partidos antag\u00f3nicos han visto necesario unir fuerzas en por lo menos tres de las 32 entidades de la rep\u00fablica.<br \/>Esto es una forma racional de hacer pol\u00edtica, que pondera los intereses de los ciudadanos para iniciar un inaplazable proceso de democratizaci\u00f3n en los estados en el que el PRI se ha atrincherado a punta de balazos y corrupci\u00f3n para mantener el poder. <\/p>\n<blockquote><p>Director de la revista digital independiente voz universitaria www.vozuniversitaria.org.mx  raul@vozuniversitaria.org.mx<\/p><\/blockquote>\n","protected":false},"excerpt":{"rendered":"<p>Ra\u00fal Abraham L\u00f3pez Mart\u00ednez*Coyuntura Pol\u00edtica XXI En pol\u00edtica la divisi\u00f3n entre el pensamiento racional y el fundamentalismo se encuentran separados por una muy delgada l\u00ednea. Estos aspectos del \u00e1mbito pol\u00edtico se pueden apreciar de distintas formas dependiendo del sistema cultural al cual se haga referencia.En este caso, me voy a centrar en torno a las [&hellip;]<\/p>\n","protected":false},"author":1,"featured_media":0,"comment_status":"open","ping_status":"open","sticky":false,"template":"","format":"standard","meta":{"_jetpack_newsletter_access":"","_jetpack_dont_email_post_to_subs":false,"_jetpack_newsletter_tier_id":0,"_jetpack_memberships_contains_paywalled_content":false,"_jetpack_memberships_contains_paid_content":false,"footnotes":""},"categories":[1],"tags":[],"class_list":["post-8077","post","type-post","status-publish","format-standard","hentry","category-sin-categoria"],"jetpack_featured_media_url":"","jetpack_sharing_enabled":true,"jetpack_shortlink":"https:\/\/wp.me\/p4Qcd3-26h","_links":{"self":[{"href":"https:\/\/lospoliticosveracruz.com.mx\/index.php?rest_route=\/wp\/v2\/posts\/8077","targetHints":{"allow":["GET"]}}],"collection":[{"href":"https:\/\/lospoliticosveracruz.com.mx\/index.php?rest_route=\/wp\/v2\/posts"}],"about":[{"href":"https:\/\/lospoliticosveracruz.com.mx\/index.php?rest_route=\/wp\/v2\/types\/post"}],"author":[{"embeddable":true,"href":"https:\/\/lospoliticosveracruz.com.mx\/index.php?rest_route=\/wp\/v2\/users\/1"}],"replies":[{"embeddable":true,"href":"https:\/\/lospoliticosveracruz.com.mx\/index.php?rest_route=%2Fwp%2Fv2%2Fcomments&post=8077"}],"version-history":[{"count":0,"href":"https:\/\/lospoliticosveracruz.com.mx\/index.php?rest_route=\/wp\/v2\/posts\/8077\/revisions"}],"wp:attachment":[{"href":"https:\/\/lospoliticosveracruz.com.mx\/index.php?rest_route=%2Fwp%2Fv2%2Fmedia&parent=8077"}],"wp:term":[{"taxonomy":"category","embeddable":true,"href":"https:\/\/lospoliticosveracruz.com.mx\/index.php?rest_route=%2Fwp%2Fv2%2Fcategories&post=8077"},{"taxonomy":"post_tag","embeddable":true,"href":"https:\/\/lospoliticosveracruz.com.mx\/index.php?rest_route=%2Fwp%2Fv2%2Ftags&post=8077"}],"curies":[{"name":"wp","href":"https:\/\/api.w.org\/{rel}","templated":true}]}}