{"id":8078,"date":"2010-01-25T13:45:00","date_gmt":"2010-01-25T13:45:00","guid":{"rendered":"http:\/\/www.lospoliticosveracruz.com.mx\/?p=8078"},"modified":"2014-10-08T19:01:18","modified_gmt":"2014-10-08T19:01:18","slug":"el-delfin-no-llegara-a-ser-gobernador-estoy-seguro-yunes-linares","status":"publish","type":"post","link":"https:\/\/lospoliticosveracruz.com.mx\/?p=8078","title":{"rendered":"\u00abEl Delf\u00edn no llegar\u00e1 a ser Gobernador, estoy seguro\u00bb: Yunes Linares"},"content":{"rendered":"<p><strong>Claudia Guerrero Mart\u00ednez<\/strong><br \/><em>Entre lo ut\u00f3pico y lo verdadero<\/em><\/p>\n<p>Como se esperaba, la visita de Miguel \u00c1ngel Yunes Linares dio mucho de qu\u00e9 hablar. Nuevamente,  hubo sorpresas y dej\u00f3 herida la imagen del Gobernador Fidel Herrera Beltr\u00e1n, quien el mismo Mandatario Estatal  cava su propio destino, minando la delgada simpat\u00eda medi\u00e1tica que vende a los veracruzanos  y de lo que un d\u00eda pudo ser,  el mejor Gobernador de Veracruz. <br \/>Hoy,  muchos cuentan los d\u00edas para que finalice su mandato y termine el negro sexenio rojo fidelidad\u2026<br \/>Yunes Linares no es una persona de \u00abmedias tintas\u00bb\u2026 Eso lo demostr\u00f3. O lo odias o  lo alabas y de una cosa estamos seguros, despu\u00e9s del desayuno organizado por la Agrupaci\u00f3n de Entidad Plural,  Miguel \u00c1ngel Yunes  vendr\u00e1 con todo defendiendo a su familia, su integridad y sobre todo, el proyecto a futuro, que Felipe Calder\u00f3n le ha encomendado, con un simple pastelazo, algo que puede ser una travesura, pero en el mensaje pol\u00edtico, le da todo su respaldo para que el PAN gane Veracruz, el tercer estado con m\u00e1s votantes.<br \/>Felipe Calder\u00f3n conoce el alcance de la guerra sucia  cocinada desde Palacio de Gobierno; sabe  qui\u00e9n es Fidel Herrera, sus pasos, desv\u00edos, equivocaciones, batuta electoral,  oscuros dineros e inmuebles VIP y  cuentas maquilladas  sumadas a grandes fortunas. Sabe c\u00f3mo es el pol\u00edtico con piel de oveja, quien un d\u00eda declara que est\u00e1 con el Presidente y al otro d\u00eda, lo ataca,  culpa de la crisis y los problemas de M\u00e9xico, en un acto proselitista, en horas laborales, violentando toda normatividad electoralmente hablando\u2026 Otra lectura que tambi\u00e9n, nos queda claro  el alto grado de anarqu\u00eda en las acciones ocurrentes de nuestro Ejecutivo Estatal.\u2026<br \/>Yunes Linares,  conocedor de los alcances de Fidel, viene con artiller\u00eda pesada para poner las cartas en la mesa y ventilar los claroscuros en la administraci\u00f3n fidelista. Demostr\u00f3 tener humor, pero tambi\u00e9n determinaci\u00f3n. Ser la  v\u00edctima de esta administraci\u00f3n,  en una campa\u00f1a feroz para acabarlo y  lo \u00fanico que ha logrado es colocarlo en el escenario pol\u00edtico de poder, posiblemente, alcanzar  la  candidatura  a Gobernador y lograr lo que ning\u00fan pol\u00edtico  en \u00e9poca actual haya hecho: Meter  a dos exgobernadores  veracruzanos a la c\u00e1rcel,   acusados de desv\u00edo de recursos.<br \/>La que aqu\u00ed escribe,  jug\u00f3 con  el todav\u00eda Director del ISSSTE. Quer\u00eda sacarlo de su posicionamiento, de su postura  defensiva comprensible y darle una din\u00e1mica a la reuni\u00f3n de Entidad Plural, logrando extraer, lo que piensa Yunes Linares de sus opositores, amigos, enemigos y  personajes que afectar\u00e1 en corto tiempo, la ya desmoronada fidelidad en Veracruz. Se le pregunt\u00f3 sobre su opini\u00f3n de Juan Bueno Torio y dijo: \u201cBueno\u201d; de  Julen Rementer\u00eda: \u201cRegular\u201d; de Gerardo Buganza: \u201cYa fue candidato\u201d; Jos\u00e9 Yunes Zorrilla: \u201cInteligente, muy inteligente\u201d; H\u00e9ctor Yunes Landa: \u201cExperiencia e Inteligencia\u201d; Ranulfo M\u00e1rquez Hern\u00e1ndez: \u201cNo lo conozco\u201d; Dante Delgado: Experiencia;  Javier Duarte: (silencio) Se\u00f1or puede abundar\u2026 \u201cEl Delf\u00edn con implicaci\u00f3n hist\u00f3rica que acabo de mencionar\u2026 Delf\u00edn que no reinar\u00e1\u201d; Roberto Palacios Sol\u00eds: \u201cUna historia que alguien quiere que se  olvide\u201d; Ra\u00fal Gibb: \u201cUn amigo entra\u00f1able que sigo extra\u00f1ando y un acto de injusticia que sigue vigente\u201d; Lidia Cacho: \u201cBuena para vender\u201d; Fidel Herrera Beltr\u00e1n: \u201cCorrupci\u00f3n\u201d; Elba Esther Gordillo: \u201cDirigente Magisterial\u201d;  Beatriz Paredes: \u201cHasta ayer, antes de ese discurso, una dirigente pol\u00edtica y social importante, pero creo que ya se equivoc\u00f3\u201d. Por \u00faltimo, Felipe Calder\u00f3n Hinojosa: \u201cUn Presidente valiente,  inteligente,  que ha enfrentado situaciones muy complicadas en los primeros tres a\u00f1os\u201d.<br \/>Miguel \u00c1ngel Yunes Linares no demuestra ni alardea su m\u00fasculo pol\u00edtico, el cual se sabe y espera imponer en esta contienda electoral, la m\u00e1s dif\u00edcil, r\u00edspida y bombardeada, que se tenga recuerdo en la historia pol\u00edtica de Veracruz. Su imagen de hombre fuerte e indoblegable, cambia cuando habla de su familia: De su esposa Leticia y  sus tres hijos, a quienes presume cuando quiere y puede, pues ventila que la pol\u00edtica, el poder y las influencias,  no le  importan tanto, como ver a sus hijos felices  y realizados: \u201cTengo unos buenos hijos y llevo  35 a\u00f1os casado con Lety, bueno, m\u00e1s dos a\u00f1os de novios, 37 a\u00f1os. Soy feliz,  por tener a mis hijos y a Lety\u201d. <br \/>Es el mismo hombre, que motiva temor y miedo, seg\u00fan algunos rojos fidelistas y dolidos periodistas extorsionadores&#8230;<br \/>La campa\u00f1a negra le viene sobrada. Recalc\u00f3 nunca hacer un se\u00f1alamiento ni aclaraci\u00f3n, pues sabe de qui\u00e9n viene y eso le tiene sin cuidado. Cinco a\u00f1os de persecuci\u00f3n y  maltrato a su propio hijo, Miguel \u00c1ngel Jr., Presidente de Boca del R\u00edo,  el primer municipio m\u00e1s auditado y vigilado en el estado, quien no se mesura  en su ret\u00f3rica,  cuando tiene que hablar del oriundo de Nopaltepec.<br \/>A Yunes Linares le duele  los ataques  que le realizan a su hijo\u2026 Tambi\u00e9n le doler\u00eda a Fidel  si atacaran verbalmente  a uno de sus hijos\u2026<br \/>Hace unos d\u00edas, se me acerc\u00f3 un  reconocido priista   para decirme: \u201cYa acordaron, va Javier Duarte a la Gobernatura.  Beatriz Paredes  y  Beltrones ya pactaron;  le dar\u00e1n  la candidatura a Duarte, para que pierda el PRI en Veracruz y as\u00ed, ellos (Beatriz y Beltrones) se podr\u00e1n deshacer de Fidel Herrera y como perdedor, se le ir\u00e1 la oportunidad de buscar la candidatura a la Presidencia de la Rep\u00fablica\u201d: <br \/>Ante este tenor, el PAN ganar\u00eda la Gobernatura y Fidel se ir\u00e1 de exiliado a Abu Dabi, Emiratos \u00c1rabes,   all\u00e1 con el pariente de un conducto de televisi\u00f3n\u2026  Pens\u00e9.<br \/>La ponencia de Yunes Linares   y sus reveladores comentarios, ser\u00e1n tema para una contracampa\u00f1a y minimizar el Tsunami que se forma en las profundas aguas del Tibur\u00f3n, Fidel Herrera\u2026<br \/>Dudas y comentarios: claudiaguerreromtz@gmail.com<\/p>\n<p>Visite www.periodicoveraz.com<\/p>\n","protected":false},"excerpt":{"rendered":"<p>Claudia Guerrero Mart\u00ednezEntre lo ut\u00f3pico y lo verdadero Como se esperaba, la visita de Miguel \u00c1ngel Yunes Linares dio mucho de qu\u00e9 hablar. Nuevamente, hubo sorpresas y dej\u00f3 herida la imagen del Gobernador Fidel Herrera Beltr\u00e1n, quien el mismo Mandatario Estatal cava su propio destino, minando la delgada simpat\u00eda medi\u00e1tica que vende a los veracruzanos [&hellip;]<\/p>\n","protected":false},"author":1,"featured_media":0,"comment_status":"open","ping_status":"open","sticky":false,"template":"","format":"standard","meta":{"_jetpack_newsletter_access":"","_jetpack_dont_email_post_to_subs":false,"_jetpack_newsletter_tier_id":0,"_jetpack_memberships_contains_paywalled_content":false,"_jetpack_memberships_contains_paid_content":false,"footnotes":""},"categories":[1],"tags":[],"class_list":["post-8078","post","type-post","status-publish","format-standard","hentry","category-sin-categoria"],"jetpack_featured_media_url":"","jetpack_sharing_enabled":true,"jetpack_shortlink":"https:\/\/wp.me\/p4Qcd3-26i","_links":{"self":[{"href":"https:\/\/lospoliticosveracruz.com.mx\/index.php?rest_route=\/wp\/v2\/posts\/8078","targetHints":{"allow":["GET"]}}],"collection":[{"href":"https:\/\/lospoliticosveracruz.com.mx\/index.php?rest_route=\/wp\/v2\/posts"}],"about":[{"href":"https:\/\/lospoliticosveracruz.com.mx\/index.php?rest_route=\/wp\/v2\/types\/post"}],"author":[{"embeddable":true,"href":"https:\/\/lospoliticosveracruz.com.mx\/index.php?rest_route=\/wp\/v2\/users\/1"}],"replies":[{"embeddable":true,"href":"https:\/\/lospoliticosveracruz.com.mx\/index.php?rest_route=%2Fwp%2Fv2%2Fcomments&post=8078"}],"version-history":[{"count":0,"href":"https:\/\/lospoliticosveracruz.com.mx\/index.php?rest_route=\/wp\/v2\/posts\/8078\/revisions"}],"wp:attachment":[{"href":"https:\/\/lospoliticosveracruz.com.mx\/index.php?rest_route=%2Fwp%2Fv2%2Fmedia&parent=8078"}],"wp:term":[{"taxonomy":"category","embeddable":true,"href":"https:\/\/lospoliticosveracruz.com.mx\/index.php?rest_route=%2Fwp%2Fv2%2Fcategories&post=8078"},{"taxonomy":"post_tag","embeddable":true,"href":"https:\/\/lospoliticosveracruz.com.mx\/index.php?rest_route=%2Fwp%2Fv2%2Ftags&post=8078"}],"curies":[{"name":"wp","href":"https:\/\/api.w.org\/{rel}","templated":true}]}}