{"id":80780,"date":"2021-10-17T11:57:42","date_gmt":"2021-10-17T16:57:42","guid":{"rendered":"https:\/\/lospoliticosveracruz.com.mx\/?p=80780"},"modified":"2021-10-17T13:43:59","modified_gmt":"2021-10-17T18:43:59","slug":"faltan-3-dias-para-que-chavos-se-vacunen","status":"publish","type":"post","link":"https:\/\/lospoliticosveracruz.com.mx\/?p=80780","title":{"rendered":"Faltan 3 d\u00edas para que chavos se vacunen"},"content":{"rendered":"\n<p>El Delegado de Programas para el Desarrollo, Manuel Huerta Ladr\u00f3n de Guevara, inform\u00f3 que las jornadas de vacunaci\u00f3n en Veracruz est\u00e1n en su \u00faltima fase. A tres d\u00edas de finalizar estos operativos, indic\u00f3 que solamente faltan 5 municipios por aplicar la segunda dosis para la poblaci\u00f3n de 18 a 29 a\u00f1os.<\/p>\n\n\n\n<p>Huerta coment\u00f3 que para la generaci\u00f3n de 18 a 29 a\u00f1os s\u00f3lo resta vacunar en Isla, que atender\u00e1 hasta hoy 17 de octubre; Tlalixcoyan que lo har\u00e1 del 18 al 19; en Coscomatepec del 16 al 18 y en La Antigua y Puente Nacional del 18 al 20.<\/p>\n\n\n\n<p>El funcionario agreg\u00f3 que la poblaci\u00f3n que viva en municipios aleda\u00f1os a los que estar\u00e1n vacunando, podr\u00e1n acudir a recibir su dosis; exhort\u00f3 a la poblaci\u00f3n que aproveche y asista a vacunarse antes de que terminen estas jornadas. Asimismo, indic\u00f3 que la poblaci\u00f3n rezagada que no se ha vacunado y dese\u00e9 hacerlo, podr\u00e1 acudir el pr\u00f3ximo lunes al Estadio \u201cLuis Pirata Fuente\u201d del puerto de Veracruz para que reciban la vacuna del biol\u00f3gico Astra-Zeneca.<\/p>\n\n\n\n<p>Afirm\u00f3 que gracias a la cooperaci\u00f3n entre la sociedad, las autoridades sanitarias y gubernamentales, la vacunaci\u00f3n alcanzar\u00e1 el \u00faltimo d\u00eda al 70 por ciento de la poblaci\u00f3n. Lo que sigue, dijo, es la vacunaci\u00f3n para los menores de 12 a 17 a\u00f1os que presentan comorbilidades y adolescentes embarazadas; para esta poblaci\u00f3n pidi\u00f3 que se registren en: mivacuna.salud.gob.mx<\/p>\n\n\n\n<p>En otro orden, coment\u00f3 que los operativos para la incorporaci\u00f3n para los Adultos Mayores de 65 a 67 a\u00f1os cierran hoy su tercera etapa y ma\u00f1ana mismo comenzar\u00e1 la cuarta etapa, que ser\u00e1 del 17 de octubre hasta el 31 del mismo mes.<\/p>\n\n\n\n<p>Se\u00f1al\u00f3 que la poblaci\u00f3n puede consultar en la p\u00e1gina: ubicatumodulo.bienestar.gob.mx para conocer donde podr\u00e1n acudir a registrarse. Adem\u00e1s, dijo que en noviembre se har\u00e1n los pagos para los que se inscribieron en la primera y segunda etapa, mientras que los inscritos en la tercera y cuarta recibir\u00e1n hasta el pr\u00f3ximo a\u00f1o.<\/p>\n\n\n\n<p>Finalmente, para las becas Benito Ju\u00e1rez de educaci\u00f3n media superior dijo que desde noviembre hasta diciembre se estar\u00e1 pagando el \u00faltimo bimestre a los estudiantes a trav\u00e9s de la aplicaci\u00f3n de Banco Azteca-Bienestar.<\/p>\n\n\n\n<p><\/p>\n","protected":false},"excerpt":{"rendered":"<p>El Delegado de Programas para el Desarrollo, Manuel Huerta Ladr\u00f3n de Guevara, inform\u00f3 que las jornadas de vacunaci\u00f3n en Veracruz est\u00e1n en su \u00faltima fase. A tres d\u00edas de finalizar estos operativos, indic\u00f3 que solamente faltan 5 municipios por aplicar la segunda dosis para la poblaci\u00f3n de 18 a 29 a\u00f1os. Huerta coment\u00f3 que para [&hellip;]<\/p>\n","protected":false},"author":2,"featured_media":0,"comment_status":"closed","ping_status":"closed","sticky":false,"template":"","format":"standard","meta":{"_jetpack_newsletter_access":"","_jetpack_dont_email_post_to_subs":false,"_jetpack_newsletter_tier_id":0,"_jetpack_memberships_contains_paywalled_content":false,"_jetpack_memberships_contains_paid_content":false,"footnotes":""},"categories":[73],"tags":[16673,10317,6582,195,96],"class_list":["post-80780","post","type-post","status-publish","format-standard","hentry","category-de-boleto","tag-covid-19","tag-manuel-huerta","tag-vacunas","tag-veracruz","tag-xalapa"],"jetpack_featured_media_url":"","jetpack_sharing_enabled":true,"jetpack_shortlink":"https:\/\/wp.me\/p4Qcd3-l0U","_links":{"self":[{"href":"https:\/\/lospoliticosveracruz.com.mx\/index.php?rest_route=\/wp\/v2\/posts\/80780","targetHints":{"allow":["GET"]}}],"collection":[{"href":"https:\/\/lospoliticosveracruz.com.mx\/index.php?rest_route=\/wp\/v2\/posts"}],"about":[{"href":"https:\/\/lospoliticosveracruz.com.mx\/index.php?rest_route=\/wp\/v2\/types\/post"}],"author":[{"embeddable":true,"href":"https:\/\/lospoliticosveracruz.com.mx\/index.php?rest_route=\/wp\/v2\/users\/2"}],"replies":[{"embeddable":true,"href":"https:\/\/lospoliticosveracruz.com.mx\/index.php?rest_route=%2Fwp%2Fv2%2Fcomments&post=80780"}],"version-history":[{"count":1,"href":"https:\/\/lospoliticosveracruz.com.mx\/index.php?rest_route=\/wp\/v2\/posts\/80780\/revisions"}],"predecessor-version":[{"id":80782,"href":"https:\/\/lospoliticosveracruz.com.mx\/index.php?rest_route=\/wp\/v2\/posts\/80780\/revisions\/80782"}],"wp:attachment":[{"href":"https:\/\/lospoliticosveracruz.com.mx\/index.php?rest_route=%2Fwp%2Fv2%2Fmedia&parent=80780"}],"wp:term":[{"taxonomy":"category","embeddable":true,"href":"https:\/\/lospoliticosveracruz.com.mx\/index.php?rest_route=%2Fwp%2Fv2%2Fcategories&post=80780"},{"taxonomy":"post_tag","embeddable":true,"href":"https:\/\/lospoliticosveracruz.com.mx\/index.php?rest_route=%2Fwp%2Fv2%2Ftags&post=80780"}],"curies":[{"name":"wp","href":"https:\/\/api.w.org\/{rel}","templated":true}]}}