{"id":8079,"date":"2010-01-25T13:40:00","date_gmt":"2010-01-25T13:40:00","guid":{"rendered":"http:\/\/www.lospoliticosveracruz.com.mx\/?p=8079"},"modified":"2014-10-08T19:01:18","modified_gmt":"2014-10-08T19:01:18","slug":"certificacion-nacional-al-cecan","status":"publish","type":"post","link":"https:\/\/lospoliticosveracruz.com.mx\/?p=8079","title":{"rendered":"Certificaci\u00f3n nacional al Cecan"},"content":{"rendered":"<blockquote><p>* La unidad, ante todo: J. Duarte<br \/>* Apoyo sin precedente a sindicato<\/p><\/blockquote>\n<p><strong>Jos\u00e9 Ortiz Medina<\/strong><br \/><em>En Corto&#8230; sin Cortes<\/em><\/p>\n<p>No pas\u00f3 desapercibido el reciente anuncio en el sentido de que el Consejo Nacional de Salubridad otorgar\u00e1 al Centro Estatal de Cancerolog\u00eda (Cecan) la certificaci\u00f3n por la calidad de sus servicios, equipo y personal m\u00e9dico, reconocimiento que lo ubica como el mejor hospital de especialidades en la regi\u00f3n sur-sureste y segundo en su especialidad a nivel nacional.<br \/>Hace poco el secretario de Salud Manuel Lila de Arce fue informado por el director del Cecan, doctor Pedro Coronel Brizio de la certificaci\u00f3n lograda gracias al impulso y apoyo que el gobernador Fidel Herrera Beltr\u00e1n ha dado y a otras instituciones del Sector Salud estatal.<br \/>Durante un reciente recorrido de supervisi\u00f3n realizado por el Secretario de Salud Lila de Arce, Ra\u00fal Guzm\u00e1n Garc\u00eda, subdirector m\u00e9dico, y Pedro Nieto Riande, jefe de Radio-oncol\u00f3gica, dijeron que en este centro se realizan m\u00e1s de 145 cirug\u00edas por mes a ni\u00f1os y adultos &#8211;hombres y mujeres&#8211; sumados a los tratamientos de quimioterapia y radioterapia. <br \/>Cabe destacar que el Cecan est\u00e1 equipado con tecnolog\u00eda de punta. Cuenta con acelerador lineal y control de simulador para tratamientos muy acertados y con margen milim\u00e9trico de error. <br \/>Certificado por la Comisi\u00f3n Nacional de Salvaguarda, el control de simulador lineal planea el lugar exacto que el paciente necesita y define campos para ser tratados, expres\u00f3 por su parte Mar\u00eda de Lourdes Ch\u00e1vez Palafox encargada de Seguridad Radiol\u00f3gica.<br \/>El hospital atiende no solo a pacientes del estado de Veracruz, sus servicios se extienden a otras entidades como Puebla, Tlaxcala, Oaxaca, Tabasco, Hidalgo, y Estado de M\u00e9xico, entre otras.<br \/>La productividad del centro oncol\u00f3gico es superior a 3,386 consultas mensuales a pacientes con todo tipo de c\u00e1ncer, y cuenta adem\u00e1s con \u00e1rea de oncolog\u00eda pedi\u00e1trica para brindar atenci\u00f3n m\u00e9dica especializada a ni\u00f1os con cualquier tipo de neoplasias<\/p>\n<p>TRAS SU DESAPARICI\u00d3N de la escena p\u00fablica, el Movimiento Territorial reapareci\u00f3 el fin de semana para demostrar su presencia en todo el territorio veracruzano. Y ah\u00ed estuvo el diputado federal Javier Duarte de Ochoa para hacer el bordado fino que se requiere en los tiempos dif\u00edciles. Ahora que la sucesi\u00f3n por la gubernatura est\u00e1 a la vuelta de la esquina, el Vicecoordinador del Grupo Legislativo del PRI advierte que la estructura, es decir, los militantes, los simpatizantes y los seguidores, son el pilar que sostiene el Partido Revolucionario Institucional, pero un descuido podr\u00eda convertirla en el Tal\u00f3n de Aquiles. As\u00ed que el oriundo de c\u00f3rdoba no disminuye la marcha en sus jornadas de gesti\u00f3n legislativa y mucho menos desperdicia la oportunidad, siempre que tiene a un priista en frente, para hacer exhortos a la unidad que nunca sobran. Y justamente los llamados a la fidelidad es algo que otros deber\u00edan hacer en lugar de incitar a la rebeli\u00f3n por meros caprichos de ingratitud. Pero Javier Duarte fue m\u00e1s que preciso: dice que se equivocan quienes quieren que  a Veracruz le vaya mal para que a ellos les vaya bien. Est\u00e1n en un craso error y continuar\u00e1n en su lucha personal y pol\u00edtica cuando los priistas y los veracruzanos  les demuestren que la fidelidad es hoy una  manera de ser y de actuar a favor de los dem\u00e1s y no un beneficio de uno mismo y otros cuantos.<\/p>\n<p>IMPORTANTE declaraci\u00f3n hizo este fin de semana el rector de la Universidad Veracruzana, Ra\u00fal Arias Lovillo, al destacar que ninguna administraci\u00f3n universitaria ha apoyado m\u00e1s a los trabajadores del Sindicato Estatal de Trabajadores al Servicio de la Universidad Veracruzana (Setsuv) para mejorar sus condiciones salariales como lo ha hecho la actual en las \u00faltimas seis negociaciones contractuales y salariales. Y es que Arias Lovillo asever\u00f3 lo anterior momentos antes de entregar al sindicato la propuesta de la instituci\u00f3n de incrementos salariales a los trabajadores t\u00e9cnicos, manuales y administrativos, que consiste en incrementos de cuatro por ciento directo al salario, de 0.75 por ciento al tabulador de salarios (ambos con efecto retroactivo al 1 de enero de 2010), de 100 por ciento a la prestaci\u00f3n de est\u00edmulo de antig\u00fcedad, de 10.9 por ciento en la prestaci\u00f3n de despensa, de 100 por ciento en la ayuda mensual a los hijos de trabajadores fallecidos, Tambi\u00e9n se incrementa 50 por ciento la prestaci\u00f3n \u201cayuda para la compra de \u00fatiles escolares\u201d, en 40 por ciento la ayuda para la impresi\u00f3n de tesis, en 12.5 por ciento el monto del seguro de vida para operarios, empleados y auxiliares en las vicerrector\u00edas, en 150 por ciento el monto de la ayuda para guarder\u00eda, en 50 por ciento del monto otorgado para las madres el 10 de mayo, en 7.14 por ciento el seguro de vida y en 20.4 por ciento el monto de la ayuda mensual por el pago de renta, entre otras tantas prestaciones.<\/p>\n<p>LA RENUNCIA de Am\u00e9rico Z\u00fa\u00f1iga Mart\u00ednez a la secretar\u00eda del Trabajo es una se\u00f1al inequ\u00edvoca de que ser\u00e1 el candidato del PRI a la alcald\u00eda xalape\u00f1a. Si se le hubiera \u201cca\u00eddo\u201d la candidatura, quien manda en Veracruz no le hubiese autorizado separarse del cargo.<\/p>\n","protected":false},"excerpt":{"rendered":"<p>* La unidad, ante todo: J. Duarte* Apoyo sin precedente a sindicato Jos\u00e9 Ortiz MedinaEn Corto&#8230; sin Cortes No pas\u00f3 desapercibido el reciente anuncio en el sentido de que el Consejo Nacional de Salubridad otorgar\u00e1 al Centro Estatal de Cancerolog\u00eda (Cecan) la certificaci\u00f3n por la calidad de sus servicios, equipo y personal m\u00e9dico, reconocimiento que [&hellip;]<\/p>\n","protected":false},"author":1,"featured_media":0,"comment_status":"open","ping_status":"open","sticky":false,"template":"","format":"standard","meta":{"_jetpack_newsletter_access":"","_jetpack_dont_email_post_to_subs":false,"_jetpack_newsletter_tier_id":0,"_jetpack_memberships_contains_paywalled_content":false,"_jetpack_memberships_contains_paid_content":false,"footnotes":""},"categories":[1],"tags":[],"class_list":["post-8079","post","type-post","status-publish","format-standard","hentry","category-sin-categoria"],"jetpack_featured_media_url":"","jetpack_sharing_enabled":true,"jetpack_shortlink":"https:\/\/wp.me\/p4Qcd3-26j","_links":{"self":[{"href":"https:\/\/lospoliticosveracruz.com.mx\/index.php?rest_route=\/wp\/v2\/posts\/8079","targetHints":{"allow":["GET"]}}],"collection":[{"href":"https:\/\/lospoliticosveracruz.com.mx\/index.php?rest_route=\/wp\/v2\/posts"}],"about":[{"href":"https:\/\/lospoliticosveracruz.com.mx\/index.php?rest_route=\/wp\/v2\/types\/post"}],"author":[{"embeddable":true,"href":"https:\/\/lospoliticosveracruz.com.mx\/index.php?rest_route=\/wp\/v2\/users\/1"}],"replies":[{"embeddable":true,"href":"https:\/\/lospoliticosveracruz.com.mx\/index.php?rest_route=%2Fwp%2Fv2%2Fcomments&post=8079"}],"version-history":[{"count":0,"href":"https:\/\/lospoliticosveracruz.com.mx\/index.php?rest_route=\/wp\/v2\/posts\/8079\/revisions"}],"wp:attachment":[{"href":"https:\/\/lospoliticosveracruz.com.mx\/index.php?rest_route=%2Fwp%2Fv2%2Fmedia&parent=8079"}],"wp:term":[{"taxonomy":"category","embeddable":true,"href":"https:\/\/lospoliticosveracruz.com.mx\/index.php?rest_route=%2Fwp%2Fv2%2Fcategories&post=8079"},{"taxonomy":"post_tag","embeddable":true,"href":"https:\/\/lospoliticosveracruz.com.mx\/index.php?rest_route=%2Fwp%2Fv2%2Ftags&post=8079"}],"curies":[{"name":"wp","href":"https:\/\/api.w.org\/{rel}","templated":true}]}}