{"id":8080,"date":"2010-01-25T03:02:00","date_gmt":"2010-01-25T03:02:00","guid":{"rendered":"http:\/\/www.lospoliticosveracruz.com.mx\/?p=8080"},"modified":"2014-10-08T19:01:18","modified_gmt":"2014-10-08T19:01:18","slug":"vuelven-los-viene-yunes","status":"publish","type":"post","link":"https:\/\/lospoliticosveracruz.com.mx\/?p=8080","title":{"rendered":"Vuelven los \u00abViene Yunes\u00bb"},"content":{"rendered":"<p>Un poco de imaginaci\u00f3n y revertir el ataque&#8230; la Ra-surada que tir\u00f3 los espectaculares de \u00abViene lo mejor&#8230; viene Yunes\u00bb parece que no caus\u00f3 mucho efecto&#8230; Ahora est\u00e1n m\u00e1s din\u00e1micos para contrarrestar el clima&#8230; electoral.<br \/><a href=\"http:\/\/www.lospoliticosveracruz.com.mx\/wp-content\/uploads\/2010\/01\/4.jpg\"><img decoding=\"async\" style=\"display:block; margin:0px auto 10px; text-align:center;cursor:pointer; cursor:hand;width: 400px; height: 310px;\" src=\"http:\/\/www.lospoliticosveracruz.com.mx\/wp-content\/uploads\/2010\/01\/4-300x232.jpg\" border=\"0\" alt=\"\"id=\"BLOGGER_PHOTO_ID_5430510660971815330\" \/><\/a><br \/><a href=\"http:\/\/www.lospoliticosveracruz.com.mx\/wp-content\/uploads\/2010\/01\/3.jpg\"><img decoding=\"async\" style=\"display:block; margin:0px auto 10px; text-align:center;cursor:pointer; cursor:hand;width: 400px; height: 265px;\" src=\"http:\/\/www.lospoliticosveracruz.com.mx\/wp-content\/uploads\/2010\/01\/3-300x198.jpg\" border=\"0\" alt=\"\"id=\"BLOGGER_PHOTO_ID_5430510655855306210\" \/><\/a><br \/><a href=\"http:\/\/www.lospoliticosveracruz.com.mx\/wp-content\/uploads\/2010\/01\/2.jpg\"><img decoding=\"async\" style=\"display:block; margin:0px auto 10px; text-align:center;cursor:pointer; cursor:hand;width: 400px; height: 287px;\" src=\"http:\/\/www.lospoliticosveracruz.com.mx\/wp-content\/uploads\/2010\/01\/2-300x215.jpg\" border=\"0\" alt=\"\"id=\"BLOGGER_PHOTO_ID_5430510647667567026\" \/><\/a><br \/><a href=\"http:\/\/www.lospoliticosveracruz.com.mx\/wp-content\/uploads\/2010\/01\/1.jpg\"><img decoding=\"async\" style=\"display:block; margin:0px auto 10px; text-align:center;cursor:pointer; cursor:hand;width: 400px; height: 374px;\" src=\"http:\/\/www.lospoliticosveracruz.com.mx\/wp-content\/uploads\/2010\/01\/1-300x280.jpg\" border=\"0\" alt=\"\"id=\"BLOGGER_PHOTO_ID_5430510639647008386\" \/><\/a><\/p>\n","protected":false},"excerpt":{"rendered":"<p>Un poco de imaginaci\u00f3n y revertir el ataque&#8230; la Ra-surada que tir\u00f3 los espectaculares de \u00abViene lo mejor&#8230; viene Yunes\u00bb parece que no caus\u00f3 mucho efecto&#8230; Ahora est\u00e1n m\u00e1s din\u00e1micos para contrarrestar el clima&#8230; electoral.<\/p>\n","protected":false},"author":1,"featured_media":0,"comment_status":"open","ping_status":"open","sticky":false,"template":"","format":"standard","meta":{"_jetpack_newsletter_access":"","_jetpack_dont_email_post_to_subs":false,"_jetpack_newsletter_tier_id":0,"_jetpack_memberships_contains_paywalled_content":false,"_jetpack_memberships_contains_paid_content":false,"footnotes":""},"categories":[1],"tags":[],"class_list":["post-8080","post","type-post","status-publish","format-standard","hentry","category-sin-categoria"],"jetpack_featured_media_url":"","jetpack_sharing_enabled":true,"jetpack_shortlink":"https:\/\/wp.me\/p4Qcd3-26k","_links":{"self":[{"href":"https:\/\/lospoliticosveracruz.com.mx\/index.php?rest_route=\/wp\/v2\/posts\/8080","targetHints":{"allow":["GET"]}}],"collection":[{"href":"https:\/\/lospoliticosveracruz.com.mx\/index.php?rest_route=\/wp\/v2\/posts"}],"about":[{"href":"https:\/\/lospoliticosveracruz.com.mx\/index.php?rest_route=\/wp\/v2\/types\/post"}],"author":[{"embeddable":true,"href":"https:\/\/lospoliticosveracruz.com.mx\/index.php?rest_route=\/wp\/v2\/users\/1"}],"replies":[{"embeddable":true,"href":"https:\/\/lospoliticosveracruz.com.mx\/index.php?rest_route=%2Fwp%2Fv2%2Fcomments&post=8080"}],"version-history":[{"count":0,"href":"https:\/\/lospoliticosveracruz.com.mx\/index.php?rest_route=\/wp\/v2\/posts\/8080\/revisions"}],"wp:attachment":[{"href":"https:\/\/lospoliticosveracruz.com.mx\/index.php?rest_route=%2Fwp%2Fv2%2Fmedia&parent=8080"}],"wp:term":[{"taxonomy":"category","embeddable":true,"href":"https:\/\/lospoliticosveracruz.com.mx\/index.php?rest_route=%2Fwp%2Fv2%2Fcategories&post=8080"},{"taxonomy":"post_tag","embeddable":true,"href":"https:\/\/lospoliticosveracruz.com.mx\/index.php?rest_route=%2Fwp%2Fv2%2Ftags&post=8080"}],"curies":[{"name":"wp","href":"https:\/\/api.w.org\/{rel}","templated":true}]}}