{"id":8081,"date":"2010-01-25T00:38:00","date_gmt":"2010-01-25T00:38:00","guid":{"rendered":"http:\/\/www.lospoliticosveracruz.com.mx\/?p=8081"},"modified":"2014-10-08T19:01:18","modified_gmt":"2014-10-08T19:01:18","slug":"todos-los-kilos","status":"publish","type":"post","link":"https:\/\/lospoliticosveracruz.com.mx\/?p=8081","title":{"rendered":"\u00a1Todos los kilos!"},"content":{"rendered":"<p><strong>Salvador Mu\u00f1oz<\/strong><br \/><em>Los Pol\u00edticos<\/em><\/p>\n<p>Javier Duarte de Ochoa est\u00e1 bajando de peso. M\u00e1s de 500 saludos de mano\u2026 m\u00e1s de 500 abrazos\u2026 m\u00e1s de 500 fotos\u2026 m\u00e1s de 500 personas se acercaron a \u00e9l\u2026 quer\u00edan saludarlo, patentarle su apoyo, pedirle un favor o nom\u00e1s que los viera que ah\u00ed estaban\u2026. Eran los representativos (si bien no todos, s\u00ed la mayor\u00eda) de Coatepec, Xico y Teocelo acompa\u00f1ando a Javier Duarte de Ochoa en la Hacienda de San Bartolo.<br \/>Era la comida de inicio de a\u00f1o. As\u00ed la llamaron aunque yo no haya comido.<br \/>All\u00ed estuvieron Carlos Brito, Gonzalo Morgado Huesca y Ulises Landa, due\u00f1o de esa constructora que muchos han de recordar, dio de qu\u00e9 hablar en el sexenio de Miguel Alem\u00e1n: ROLA\u2026 Imaginen a ese tr\u00edo con los a\u00f1os de experiencia de Brito, lo ma\u00f1oso de Chalo y el negocio de Ulises. Bueno, el decir \u201cestuvieron\u201d es un decir. En la primera oportunidad mejor se fueron a \u201cEl Campanario\u201d, restaurante muy reconocido en Xico.<br \/>Tambi\u00e9n reapareci\u00f3 Noem\u00ed Guzm\u00e1n Lagunes (y su blusa azul\u2026 que no cuadraba con las camisas, vestidos y blusas rojas que pululaban en esa hacienda) que, al estilo de Fox, nom\u00e1s se comi\u00f3 su sopita y se fue\u2026 claro, no sin antes haber hablado con Javier Duarte de Ochoa\u2026 \u00bfde qu\u00e9? \u00a1Sepa la bola!<br \/>Y all\u00ed estaba el padrino de casi 90 chamacos de Coatepec, Rafael Gonz\u00e1lez Libreros quien anda muy activo trabajando para el PRI.<br \/>Entre los comensales, Julio Hern\u00e1ndez Ram\u00edrez, al que ya ubican como el candidato a la alcald\u00eda de Coatepec que deja Sergio Ram\u00edrez Caba\u00f1as, quien, al igual que el l\u00edder de Oro, Marcos Dom\u00ednguez de la Serna (con sus cl\u00e1sicas camisas \u201cMi gallo es Fidel Herrera\u201d) aspira la curul que deja Julio. Dicen que el \u201cL\u00edder de Oro\u201d le pidi\u00f3 a T\u00edo Fide ser el candidato a diputado para que, si gana, vea qu\u00e9 se siente ser diputado y una vez ello, dejar la curul\u2026 por supuesto, es parte de esa leyenda urbana en Coatepec, falta qu\u00e9 diga Sergio Ram\u00edrez o V\u00edctor Arredondo (muy nariz respingada), quien lleg\u00f3 con Javier Duarte de Ochoa\u2026.<br \/>Discreto, pero presente, Goyo J\u00e1come Moreno, subdirector del Injuver que es (o era) de la gente m\u00e1s cercana a Jos\u00e9 Iturriaga, soci\u00f3logo, urbanista, diplom\u00e1tico e historiador mexicano que de vez en cuando visita esa tierra del caf\u00e9 (Por cierto, no vi a Adolfo Mota).<br \/>Por ende, la xique\u00f1a Linda Rub\u00ed Mart\u00ednez D\u00edaz, titular del Injuver, criticada por las damas por su singular \u201cpechonalidad\u201d que rebosaba en el vestido que llevaba.<br \/>La iniciativa privada presente, como Efra\u00edn Dom\u00ednguez (due\u00f1o del restaurante La Caba\u00f1a de T\u00edo Yeyo) o Jos\u00e9 Peredo (T\u00edo Yeyo), Gabriel Mata (del restaurante Vereda) y Marcos Andrade (Finca Andrade y presidente del Comit\u00e9 de Pueblos M\u00e1gicos)\u2026 \u00bfY qu\u00e9 hac\u00eda ah\u00ed Jos\u00e9 Luis Santiago L\u00f3pez? \u00a1Ni idea!<br \/>Y con su sobrina, la sempiterna Acela Serv\u00edn Murrieta, luchando contra el tiempo\u2026 All\u00ed, presente, el amigo de toda la vida de Alejandro Montano, el buen Jes\u00fas Olvera Su\u00e1rez, quien busca la candidatura a la alcald\u00eda de Xico.<br \/>La presencia de Am\u00e9rico Z\u00fa\u00f1iga Mart\u00ednez, ex titular de la secretar\u00eda del Trabajo, con quien qued\u00e9 en que, en breve, he de platicarle lo que me dijeron unos priistas en torno a por qu\u00e9 \u00e9l debe ser el candidato a la alcald\u00eda de Xalapa\u2026<br \/>O de la suburban blanca que iba a gran velocidad de Coatepec a Xalapa con una torreta de luces roja y azul y que \u201cpanchudamente\u201d en ella iba Miguel Angel Mac\u00edas Parra, ajonjol\u00ed de todos los moles, ya sea con Ahued o ya sea con Am\u00e9rico\u2026 \u00bfEra tu camioneta Am\u00e9rico? \u00a1Yo no se la prestar\u00eda a Mac\u00edas!<br \/>Ah\u00ed estaba Jazzil, hija de la procuradora fiscal de Sefiplan, Roc\u00edo Contreras, quien evidenciaba sus buenas relaciones con Erick Lagos (duartista a morir), To\u00f1o Flores (Patrimonio del Estado) y Juan Manuel del Castillo (en camisa azul \u00a1y qu\u00e9! Habr\u00edan dicho: El rojo est\u00e1 en el coraz\u00f3n). La acompa\u00f1aba Blanca Esther Gonz\u00e1lez Velasco, encargada de la Agenda del alcalde de Xalapa.<br \/>Esos de Poza Rica \u00a1chequen! La joven Natalia Callejas (sobrina de Juan Nicol\u00e1s), quien trabaja en el administrativo de Sedesma con Antonio G\u00f3mez Anell, dicen que posiblemente sea la suplente de\u2026 \u00bfAlfredo G\u00e1ndara? Bueno, ac\u00e1 entre nos, ella preferir\u00eda ser la suplente del que vaya como diputado\u2026<br \/>Evidente dos cosas:<br \/>1) La presencia de Erick Lagos con Javier y la ausencia de Alberto Silva Ramos.<br \/>2) La felicidad que irradia Javier Duarte\u2026 se le ve feliz, se le ve bien, se le ve m\u00e1s delgado (aunque unos dicen que demacrado)\u2026 eso s\u00ed, sigue manteniendo esa voz tan peculiar. Entonces le decimos: \u00a1Suerte!, \u00e9l responde: \u00a1Le estoy echando todos los kilos! reacciona de inmediato y aclara: \u00a1Bueno! \u00a1Los estoy bajando! Y suelta la carcajada.<\/p>\n<p>e-mail: dor00@hotmail.com<\/p>\n","protected":false},"excerpt":{"rendered":"<p>Salvador Mu\u00f1ozLos Pol\u00edticos Javier Duarte de Ochoa est\u00e1 bajando de peso. M\u00e1s de 500 saludos de mano\u2026 m\u00e1s de 500 abrazos\u2026 m\u00e1s de 500 fotos\u2026 m\u00e1s de 500 personas se acercaron a \u00e9l\u2026 quer\u00edan saludarlo, patentarle su apoyo, pedirle un favor o nom\u00e1s que los viera que ah\u00ed estaban\u2026. Eran los representativos (si bien no [&hellip;]<\/p>\n","protected":false},"author":1,"featured_media":0,"comment_status":"open","ping_status":"open","sticky":false,"template":"","format":"standard","meta":{"_jetpack_newsletter_access":"","_jetpack_dont_email_post_to_subs":false,"_jetpack_newsletter_tier_id":0,"_jetpack_memberships_contains_paywalled_content":false,"_jetpack_memberships_contains_paid_content":false,"footnotes":""},"categories":[1],"tags":[],"class_list":["post-8081","post","type-post","status-publish","format-standard","hentry","category-sin-categoria"],"jetpack_featured_media_url":"","jetpack_sharing_enabled":true,"jetpack_shortlink":"https:\/\/wp.me\/p4Qcd3-26l","_links":{"self":[{"href":"https:\/\/lospoliticosveracruz.com.mx\/index.php?rest_route=\/wp\/v2\/posts\/8081","targetHints":{"allow":["GET"]}}],"collection":[{"href":"https:\/\/lospoliticosveracruz.com.mx\/index.php?rest_route=\/wp\/v2\/posts"}],"about":[{"href":"https:\/\/lospoliticosveracruz.com.mx\/index.php?rest_route=\/wp\/v2\/types\/post"}],"author":[{"embeddable":true,"href":"https:\/\/lospoliticosveracruz.com.mx\/index.php?rest_route=\/wp\/v2\/users\/1"}],"replies":[{"embeddable":true,"href":"https:\/\/lospoliticosveracruz.com.mx\/index.php?rest_route=%2Fwp%2Fv2%2Fcomments&post=8081"}],"version-history":[{"count":0,"href":"https:\/\/lospoliticosveracruz.com.mx\/index.php?rest_route=\/wp\/v2\/posts\/8081\/revisions"}],"wp:attachment":[{"href":"https:\/\/lospoliticosveracruz.com.mx\/index.php?rest_route=%2Fwp%2Fv2%2Fmedia&parent=8081"}],"wp:term":[{"taxonomy":"category","embeddable":true,"href":"https:\/\/lospoliticosveracruz.com.mx\/index.php?rest_route=%2Fwp%2Fv2%2Fcategories&post=8081"},{"taxonomy":"post_tag","embeddable":true,"href":"https:\/\/lospoliticosveracruz.com.mx\/index.php?rest_route=%2Fwp%2Fv2%2Ftags&post=8081"}],"curies":[{"name":"wp","href":"https:\/\/api.w.org\/{rel}","templated":true}]}}