{"id":80936,"date":"2021-10-20T11:15:47","date_gmt":"2021-10-20T16:15:47","guid":{"rendered":"https:\/\/lospoliticosveracruz.com.mx\/?p=80936"},"modified":"2021-10-20T11:15:53","modified_gmt":"2021-10-20T16:15:53","slug":"terrorismo-fiscal-contra-los-jovenes-maryjose","status":"publish","type":"post","link":"https:\/\/lospoliticosveracruz.com.mx\/?p=80936","title":{"rendered":"Terrorismo fiscal contra los j\u00f3venes: Maryjose"},"content":{"rendered":"\n<p><\/p>\n\n\n\n<p><\/p>\n\n\n\n<p><strong>Ciudad de M\u00e9xico<\/strong><\/p>\n\n\n\n<p><strong><br><\/strong>La diputada federal, Maryjose Gamboa Torales, afirma que MORENA plantea que la Secretar\u00eda de Hacienda cometa terrorismo fiscal contra los j\u00f3venes al obligarlos a registrarse para sacar su Registro Federal de Causantes (RFC) a partir de los 18 a\u00f1os y en el caso de que no lo hagan tendr\u00e1 que pagar una multa de 11 mil pesos por a\u00f1o.<\/p>\n\n\n\n<p>\u201cSi no lo hace a los 18 y consigue trabajo a los 23 pues cu\u00e1nto va a deber entre multas por no haberse registrado ante el SAT, aunque no tenga actividad empresarial, trabajo o ingresos\u201d, se\u00f1al\u00f3.<\/p>\n\n\n\n<p>Dijo que los diputados PAN est\u00e1n en plena lucha para evitarlo y seguir\u00e1n defendiendo los intereses de los mexicanos.<\/p>\n\n\n\n<p>Durante el intenso debate de la Miscel\u00e1nea Fiscal 2022, la diputada Maryjose Gamboa present\u00f3 en Tribuna reservas al Art\u00edculo 74 y propuso suprimir el Art\u00edculo 151, se\u00f1alando que el gobierno de Morena insiste una y otra vez en erradicar del pa\u00eds la cultura del esfuerzo, adem\u00e1s de que quiere imponer m\u00e1s impuestos a los mexicanos.<\/p>\n\n\n\n<p>Acus\u00f3 que est\u00e1n encarg\u00e1ndose de hacer todo lo necesario para que cada d\u00eda haya m\u00e1s pobres en este pa\u00eds. \u201c\u00bfCu\u00e1l es la necesidad que tiene el gobierno de Morena? pues bien sencillo, seguir generando miseria para luego manipularla electoralmente como les gusta\u201d, subray\u00f3.<\/p>\n\n\n\n<p>\u201cAs\u00ed no es, las y los diputados federales del PAN luchamos por proteger a quien pone su negocio, a quien pone su changarrito, a quien tiene su chamba, a quien no tiene por qu\u00e9 pagar impuestos desde los 18 a\u00f1os aunque no tenga ingresos, a quien quiere tener una casa, a quien logra con mucho trabajo tener esa casa; es por ellos por quienes luchamos y vamos a seguir luchando\u201d.<\/p>\n\n\n\n<p>Maryjose Gamboa pidi\u00f3 a los legisladores de Morena que revisen bien lo que est\u00e1n haciendo al desechar todas estas reservas, porque no est\u00e1n da\u00f1ando a los partidos de oposici\u00f3n, sino a los millones de mexicanos.<\/p>\n\n\n\n<p>Sobre las vacunas, se\u00f1al\u00f3 que es el colmo del cinismo que hablen de ello cuando hay estados como Puebla que tienen un rezago tremendo. \u201cCuando hay estados como Veracruz que tenemos meses luchando en juzgados presentando los amparos, porque los padres de familia no tienen dinero para presentar amparos y solamente as\u00ed les permiten el acceso a las vacunas\u201d.<\/p>\n\n\n\n<p>Afirm\u00f3 que continuar\u00e1 en la lucha para que los j\u00f3venes sean vacunados.<\/p>\n\n\n\n<p>\u201cVamos a seguir luchando porque tengan una vacuna, ante el irresponsable gobierno que ustedes representan, ante el irresponsable gobierno de Veracruz y ante el irresponsable gobierno federal; tienen vacunas para regalar a Hait\u00ed, a Venezuela y a Cuba, deben de tener vacunas para nuestros adolescentes, para nuestras ni\u00f1as y ni\u00f1os que est\u00e1n en riesgo ante el regreso a clases y a ellos son a quienes nos debemos y a ellos son a los que les vamos a cumplir\u201d, concluy\u00f3.<\/p>\n\n\n\n<p>Dijo que su principal compromiso con las y los veracruzanos es defender sus intereses. \u201cHoy lo hicimos desde tribuna y as\u00ed lo seguiremos haciendo\u201d, concluy\u00f3.<\/p>\n","protected":false},"excerpt":{"rendered":"<p>Ciudad de M\u00e9xico La diputada federal, Maryjose Gamboa Torales, afirma que MORENA plantea que la Secretar\u00eda de Hacienda cometa terrorismo fiscal contra los j\u00f3venes al obligarlos a registrarse para sacar su Registro Federal de Causantes (RFC) a partir de los 18 a\u00f1os y en el caso de que no lo hagan tendr\u00e1 que pagar una [&hellip;]<\/p>\n","protected":false},"author":2,"featured_media":0,"comment_status":"closed","ping_status":"closed","sticky":false,"template":"","format":"standard","meta":{"_jetpack_newsletter_access":"","_jetpack_dont_email_post_to_subs":false,"_jetpack_newsletter_tier_id":0,"_jetpack_memberships_contains_paywalled_content":false,"_jetpack_memberships_contains_paid_content":false,"footnotes":""},"categories":[73],"tags":[27136,30909,1026,266,237,115,1110,1298],"class_list":["post-80936","post","type-post","status-publish","format-standard","hentry","category-de-boleto","tag-maryjose-gamboa-torales-2","tag-miscelanea-fiscal-2022","tag-morena","tag-pan","tag-rfc","tag-sat","tag-secretaria-de-hacienda","tag-terrorismo-fiscal"],"jetpack_featured_media_url":"","jetpack_sharing_enabled":true,"jetpack_shortlink":"https:\/\/wp.me\/p4Qcd3-l3q","_links":{"self":[{"href":"https:\/\/lospoliticosveracruz.com.mx\/index.php?rest_route=\/wp\/v2\/posts\/80936","targetHints":{"allow":["GET"]}}],"collection":[{"href":"https:\/\/lospoliticosveracruz.com.mx\/index.php?rest_route=\/wp\/v2\/posts"}],"about":[{"href":"https:\/\/lospoliticosveracruz.com.mx\/index.php?rest_route=\/wp\/v2\/types\/post"}],"author":[{"embeddable":true,"href":"https:\/\/lospoliticosveracruz.com.mx\/index.php?rest_route=\/wp\/v2\/users\/2"}],"replies":[{"embeddable":true,"href":"https:\/\/lospoliticosveracruz.com.mx\/index.php?rest_route=%2Fwp%2Fv2%2Fcomments&post=80936"}],"version-history":[{"count":1,"href":"https:\/\/lospoliticosveracruz.com.mx\/index.php?rest_route=\/wp\/v2\/posts\/80936\/revisions"}],"predecessor-version":[{"id":80938,"href":"https:\/\/lospoliticosveracruz.com.mx\/index.php?rest_route=\/wp\/v2\/posts\/80936\/revisions\/80938"}],"wp:attachment":[{"href":"https:\/\/lospoliticosveracruz.com.mx\/index.php?rest_route=%2Fwp%2Fv2%2Fmedia&parent=80936"}],"wp:term":[{"taxonomy":"category","embeddable":true,"href":"https:\/\/lospoliticosveracruz.com.mx\/index.php?rest_route=%2Fwp%2Fv2%2Fcategories&post=80936"},{"taxonomy":"post_tag","embeddable":true,"href":"https:\/\/lospoliticosveracruz.com.mx\/index.php?rest_route=%2Fwp%2Fv2%2Ftags&post=80936"}],"curies":[{"name":"wp","href":"https:\/\/api.w.org\/{rel}","templated":true}]}}