{"id":80939,"date":"2021-10-20T14:40:02","date_gmt":"2021-10-20T19:40:02","guid":{"rendered":"https:\/\/lospoliticosveracruz.com.mx\/?p=80939"},"modified":"2021-10-20T14:40:09","modified_gmt":"2021-10-20T19:40:09","slug":"apuntense-azules","status":"publish","type":"post","link":"https:\/\/lospoliticosveracruz.com.mx\/?p=80939","title":{"rendered":"Ap\u00fantense azules!"},"content":{"rendered":"\n<p><\/p>\n\n\n\n<p><strong>Xalapa<\/strong><\/p>\n\n\n\n<p><strong><br><\/strong>Este mi\u00e9rcoles 20 de octubre, la Comisi\u00f3n Estatal Organizadora para la Elecci\u00f3n del Comit\u00e9 Directivo Estatal del Partido Acci\u00f3n Nacional en Veracruz public\u00f3 la convocatoria para quienes deseen participar en la elecci\u00f3n interna del partido.<br>La convocatoria para la elecci\u00f3n de la Presidencia, Secretar\u00eda General Y siete integrantes del CDE para el periodo que comprende del d\u00eda siguiente a la ratificaci\u00f3n de la elecci\u00f3n al segundo semestre del 2024, atiende los reglamentos y plazos previstos por los ordenamientos internos del PAN y cuenta con la autorizaci\u00f3n del Comit\u00e9 Ejecutivo Nacional.<br>Establece que la recepci\u00f3n de documentos de aspirantes se realizar\u00e1 en el periodo comprendido del 21 de octubre al 8 de noviembre del a\u00f1o en curso,<br>El periodo para campa\u00f1as internas ser\u00e1 del 19 de noviembre al 18 de diciembre. La jornada electoral se realizar\u00e1 el 19 de diciembre de 9:00 a 17:00 hrs.<br>Son requisitos para contender por la Presidencia del CDE: ser militante con antig\u00fcedad de por lo menos 5 a\u00f1os, haberse significado por la lealtad a la doctrina y la observancia de los estatutos, no haber sido sancionado por las Comisiones de Orden y Disciplina Intrapartidista en los tres a\u00f1os anteriores a la elecci\u00f3n, y no haber sido dado de baja como consejero nacional o estatal en los 3 a\u00f1os inmediatos anteriores.<br>Para dar cumplimiento a la paridad vertical, la Presidencia y la Secretar\u00eda General recaer\u00e1 en g\u00e9neros distintos.<br>Las y los integrantes de la CEO recordaron que el proceso interno observar\u00e1 los principios de transparencia, m\u00e1xima publicidad y legalidad.<\/p>\n","protected":false},"excerpt":{"rendered":"<p>Xalapa Este mi\u00e9rcoles 20 de octubre, la Comisi\u00f3n Estatal Organizadora para la Elecci\u00f3n del Comit\u00e9 Directivo Estatal del Partido Acci\u00f3n Nacional en Veracruz public\u00f3 la convocatoria para quienes deseen participar en la elecci\u00f3n interna del partido.La convocatoria para la elecci\u00f3n de la Presidencia, Secretar\u00eda General Y siete integrantes del CDE para el periodo que comprende [&hellip;]<\/p>\n","protected":false},"author":2,"featured_media":0,"comment_status":"closed","ping_status":"closed","sticky":false,"template":"","format":"standard","meta":{"_jetpack_newsletter_access":"","_jetpack_dont_email_post_to_subs":false,"_jetpack_newsletter_tier_id":0,"_jetpack_memberships_contains_paywalled_content":false,"_jetpack_memberships_contains_paid_content":false,"footnotes":""},"categories":[73],"tags":[5290,266,195,96],"class_list":["post-80939","post","type-post","status-publish","format-standard","hentry","category-de-boleto","tag-jornada-electoral","tag-pan","tag-veracruz","tag-xalapa"],"jetpack_featured_media_url":"","jetpack_sharing_enabled":true,"jetpack_shortlink":"https:\/\/wp.me\/p4Qcd3-l3t","_links":{"self":[{"href":"https:\/\/lospoliticosveracruz.com.mx\/index.php?rest_route=\/wp\/v2\/posts\/80939","targetHints":{"allow":["GET"]}}],"collection":[{"href":"https:\/\/lospoliticosveracruz.com.mx\/index.php?rest_route=\/wp\/v2\/posts"}],"about":[{"href":"https:\/\/lospoliticosveracruz.com.mx\/index.php?rest_route=\/wp\/v2\/types\/post"}],"author":[{"embeddable":true,"href":"https:\/\/lospoliticosveracruz.com.mx\/index.php?rest_route=\/wp\/v2\/users\/2"}],"replies":[{"embeddable":true,"href":"https:\/\/lospoliticosveracruz.com.mx\/index.php?rest_route=%2Fwp%2Fv2%2Fcomments&post=80939"}],"version-history":[{"count":1,"href":"https:\/\/lospoliticosveracruz.com.mx\/index.php?rest_route=\/wp\/v2\/posts\/80939\/revisions"}],"predecessor-version":[{"id":80941,"href":"https:\/\/lospoliticosveracruz.com.mx\/index.php?rest_route=\/wp\/v2\/posts\/80939\/revisions\/80941"}],"wp:attachment":[{"href":"https:\/\/lospoliticosveracruz.com.mx\/index.php?rest_route=%2Fwp%2Fv2%2Fmedia&parent=80939"}],"wp:term":[{"taxonomy":"category","embeddable":true,"href":"https:\/\/lospoliticosveracruz.com.mx\/index.php?rest_route=%2Fwp%2Fv2%2Fcategories&post=80939"},{"taxonomy":"post_tag","embeddable":true,"href":"https:\/\/lospoliticosveracruz.com.mx\/index.php?rest_route=%2Fwp%2Fv2%2Ftags&post=80939"}],"curies":[{"name":"wp","href":"https:\/\/api.w.org\/{rel}","templated":true}]}}