{"id":80942,"date":"2021-10-20T14:51:28","date_gmt":"2021-10-20T19:51:28","guid":{"rendered":"https:\/\/lospoliticosveracruz.com.mx\/?p=80942"},"modified":"2021-10-20T14:51:35","modified_gmt":"2021-10-20T19:51:35","slug":"apoya-diana-a-lupita","status":"publish","type":"post","link":"https:\/\/lospoliticosveracruz.com.mx\/?p=80942","title":{"rendered":"Apoya Diana a Lupita"},"content":{"rendered":"\n<p><\/p>\n\n\n\n<ul class=\"wp-block-list\"><li><strong>Veracruz<\/strong><\/li><li><br>Dentro de las actividades de gesti\u00f3n y apoyo a los sectores m\u00e1s sensibles de la comunidad educativa, la delegada regional de la SEV, Diana Santiago Huesca hizo entrega de materiales braille a la alumna Mar\u00eda Guadalupe Monroy Mart\u00ednez, quien cursa el segundo a\u00f1o de secundaria, as\u00ed como de un bast\u00f3n especial para invidentes.<br>Dentro de la supervisi\u00f3n a escuelas del municipio de Alvarado, acompa\u00f1ado del encargado de la oficina de la representaci\u00f3n de gobierno del estado, licenciado Jes\u00fas Triana Hip\u00f3lito visitaron la escuela secundaria \u00abJusto A. Zamudio\u00bb, donde hicieron entrega de los apoyos mencionados, as\u00ed como de material deportivo para los docentes de educaci\u00f3n f\u00edsica.<br>\u00abEs muy satisfactorio ver la excelente organizaci\u00f3n que se tiene en este municipio para el regreso a clases presencial, hemos sido testigos de las estrategias que directivos, docentes, padres de familia y alumnos llevan a cabo para poder retomar la presencia en las aulas, al mismo tiempo y como parte de las gestiones de la supervisi\u00f3n escolar de la zona 31, hemos venido a estregar estos importantes materiales que le permitir\u00e1n a lupita continuar con su desarrollo educativo\u00bb, mencion\u00f3 Diana Santiago Huesca.<br>Los profesores de Mar\u00eda Guadalupe Monroy Mart\u00ednez aseguran que siempre ha sido una alumna destacada y con una gran iniciativa, por ello, la solicitud de los materiales braille son fundamentales para garantizar su proceso de aprendizaje, dichos materiales que son muy escasos y dif\u00edciles de poder conseguir, ahora le permitir\u00e1n sobre todo desarrollando su capacidad en la lectura y escritura, adem\u00e1s de otras asignaturas que tambi\u00e9n vienen incluidas en los materiales.<br>Por otra parte, recorri\u00f3 la escuela secundaria t\u00e9cnica pesquera N\u00b0 20 en Alvarado que brinda la atenci\u00f3n tambi\u00e9n como \u00abinternado\u00bb, con la finalidad de apoyar a los sectores m\u00e1s vulnerables de la poblaci\u00f3n, as\u00ed como a los estudiantes que debido a la distancia les imposibilita un traslado diario, solicit\u00f3 el apoyo para mejora de la infraestructura de centro escolar, as\u00ed como los apoyos alimenticios que se brindan para los alumnos.<br>\u00abSin duda, una labor loable la que llevan a cabo en esta escuela, donde haremos las diligencias necesarias para gestionar y brindar mejores condiciones para nuestros ni\u00f1os y ni\u00f1as, celebr\u00f3 de igual manera la excelente organizaci\u00f3n del director Arturo Valencia, director del plantel y a su equipo de docentes que trabajan de manera comprometida con el desarrollo de los estudiantes\u00bb, finaliz\u00f3 la delegada regional Diana Santiago Huesca.<\/li><\/ul>\n","protected":false},"excerpt":{"rendered":"<p>Veracruz Dentro de las actividades de gesti\u00f3n y apoyo a los sectores m\u00e1s sensibles de la comunidad educativa, la delegada regional de la SEV, Diana Santiago Huesca hizo entrega de materiales braille a la alumna Mar\u00eda Guadalupe Monroy Mart\u00ednez, quien cursa el segundo a\u00f1o de secundaria, as\u00ed como de un bast\u00f3n especial para invidentes.Dentro de [&hellip;]<\/p>\n","protected":false},"author":2,"featured_media":0,"comment_status":"closed","ping_status":"closed","sticky":false,"template":"","format":"standard","meta":{"_jetpack_newsletter_access":"","_jetpack_dont_email_post_to_subs":false,"_jetpack_newsletter_tier_id":0,"_jetpack_memberships_contains_paywalled_content":false,"_jetpack_memberships_contains_paid_content":false,"footnotes":""},"categories":[73],"tags":[301,240,30911,30910,88],"class_list":["post-80942","post","type-post","status-publish","format-standard","hentry","category-de-boleto","tag-alvarado","tag-diana-santiago-huesca","tag-jesus-triana-hipolito","tag-maria-guadalupe-monroy-martinez","tag-sev"],"jetpack_featured_media_url":"","jetpack_sharing_enabled":true,"jetpack_shortlink":"https:\/\/wp.me\/p4Qcd3-l3w","_links":{"self":[{"href":"https:\/\/lospoliticosveracruz.com.mx\/index.php?rest_route=\/wp\/v2\/posts\/80942","targetHints":{"allow":["GET"]}}],"collection":[{"href":"https:\/\/lospoliticosveracruz.com.mx\/index.php?rest_route=\/wp\/v2\/posts"}],"about":[{"href":"https:\/\/lospoliticosveracruz.com.mx\/index.php?rest_route=\/wp\/v2\/types\/post"}],"author":[{"embeddable":true,"href":"https:\/\/lospoliticosveracruz.com.mx\/index.php?rest_route=\/wp\/v2\/users\/2"}],"replies":[{"embeddable":true,"href":"https:\/\/lospoliticosveracruz.com.mx\/index.php?rest_route=%2Fwp%2Fv2%2Fcomments&post=80942"}],"version-history":[{"count":1,"href":"https:\/\/lospoliticosveracruz.com.mx\/index.php?rest_route=\/wp\/v2\/posts\/80942\/revisions"}],"predecessor-version":[{"id":80944,"href":"https:\/\/lospoliticosveracruz.com.mx\/index.php?rest_route=\/wp\/v2\/posts\/80942\/revisions\/80944"}],"wp:attachment":[{"href":"https:\/\/lospoliticosveracruz.com.mx\/index.php?rest_route=%2Fwp%2Fv2%2Fmedia&parent=80942"}],"wp:term":[{"taxonomy":"category","embeddable":true,"href":"https:\/\/lospoliticosveracruz.com.mx\/index.php?rest_route=%2Fwp%2Fv2%2Fcategories&post=80942"},{"taxonomy":"post_tag","embeddable":true,"href":"https:\/\/lospoliticosveracruz.com.mx\/index.php?rest_route=%2Fwp%2Fv2%2Ftags&post=80942"}],"curies":[{"name":"wp","href":"https:\/\/api.w.org\/{rel}","templated":true}]}}