{"id":8118,"date":"2010-01-12T17:05:00","date_gmt":"2010-01-12T17:05:00","guid":{"rendered":"http:\/\/www.lospoliticosveracruz.com.mx\/?p=8118"},"modified":"2014-10-08T19:01:22","modified_gmt":"2014-10-08T19:01:22","slug":"no-hubo-derroche-en-pacto-pri","status":"publish","type":"post","link":"https:\/\/lospoliticosveracruz.com.mx\/?p=8118","title":{"rendered":"No hubo derroche en pacto: PRI"},"content":{"rendered":"<blockquote><p>* Duarte alerta sobre recortes a obras <br \/>* En la mira, distribuidor Boticaria<\/p><\/blockquote>\n<p><strong>Jos\u00e9 Ortiz Medina<\/strong><br \/><em>En Corto&#8230; sin Cortes<\/em><\/p>\n<p>A nombre del grupo legislativo del PRI en el Congreso local de Veracruz, el diputado Tom\u00e1s Rubio Mart\u00ednez habl\u00f3 contundente: <br \/>\u201cComo siempre la miop\u00eda pol\u00edtica de Acci\u00f3n Nacional, aunada a la perversa intenci\u00f3n de quienes desde ese partido tratan de demeritar los logros del Gobierno Veracruzano, los hace criticar un pacto del que inicialmente fueron parte y al ver lo exitoso del acuerdo, en una actitud equ\u00edvoca se retiraron del mismo, quedando en evidencia ya que en el compromiso contin\u00faan participando otras corrientes pol\u00edticas, diversos sectores sociales, inclusive representantes de agrupaciones religiosas diversas, por lo que no se puede calificar como `demag\u00f3gico\u2019 a un acto que tuvo una gran convocatoria social\u201d. <br \/>Y es que el legislador priista respondi\u00f3 as\u00ed ante las declaraciones del presidente del comit\u00e9 directivo estatal del Partido Acci\u00f3n Nacional, Enrique Cambranis Torres en relaci\u00f3n a la firma del \u201cAcuerdo para la Promoci\u00f3n del Empleo, las Inversiones y el Financiamiento para el Desarrollo y la Seguridad\u201d, promovido por el gobernador Fidel Herrera Beltr\u00e1n. <br \/>Sobre culpas ajenas que pretende repartir Cambranis Torres, el diputado por el XVII Distrito pidi\u00f3 recordar que  \u201cla mayor\u00eda pri\u00edsta no es responsable de la pol\u00edtica econ\u00f3mica del pa\u00eds, ya que es una responsabilidad del ejecutivo Federal\u201d. <br \/>Y en relaci\u00f3n a la estrategia en Veracruz que alienta la productividad, el pri\u00edsta Presidente de la Comisi\u00f3n Permanente de Comunicaciones en la LXI Legislatura local dijo que \u201c\u00e9sta no es nueva, ya que este Gobierno Veracruzano ha promovido y alentado el establecimiento de empresas que generen empleo, pero adem\u00e1s los apoyos al campo son una realidad; la entrega de tractores, los pozos de riego, entrega de semillas, apoyo a ca\u00f1eros y ganaderos; por eso Veracruz tiene una situaci\u00f3n satisfactoria diferente a otras regiones del pa\u00eds\u201d. <\/p>\n<p>UN SECTOR cuya opini\u00f3n no ha sido tomada muy en cuenta en el nuevo plan de movilidad urbana son los pasajeros del servicio urbano de esta capital. Y es que muchas personas que usan este tipo de transporte refieren que han reducido en menos de la mitad sus recorridos. Este ahorro de tiempo se debe al carril de contra flujo que est\u00e1 destinado \u00fanicamente a los autobuses. Finalmente quienes se han opuesto a la nueva medida de vialidad son unos cuantos que no piensan en los dem\u00e1s. Adem\u00e1s, dicho carril de contraflujo puede ser utilizado por ambulancias, camiones de bomberos y patrullas. Si los comerciantes de las avenidas Am\u00e9ricas y 20 de noviembre aducen que sus ventas han disminuido porque ya nadie se estaciona, pues que les pidan a sus clientes que dejen sus unidades en las calles adyacentes y que hagan un poco de ejercicio al caminar una o dos cuadras. Hay que bajar un poco la pancita. En lo que concierne a los transe\u00fantes, ser\u00e1n colocados m\u00e1s sem\u00e1foros peatonales como el que acaban de instalar en 20 de noviembre, a media cuadra de la calle Manuel C. Tello. Ojal\u00e1 que no haya marcha atr\u00e1s en el funcionamiento de los pares viales. No debemos cerrarnos a la modernidad ni a los cambios que ello implica. No ser\u00eda nada bueno que s\u00f3lo por la oposici\u00f3n de unos cuantos se d\u00e9 marcha atr\u00e1s a un proyecto que est\u00e1 funcionando muy bien. Es cierto que hay peque\u00f1os detalles qu\u00e9 afinar, pero para ello se necesita un poco de tiempo. Serenidad y paciencia. Xalapa tiene que dar el gran paso en la modernidad de sus vialidades. O al menos que queramos que la Atenas Veracruzana siga siendo un rancho grandote. <\/p>\n<p>EN EL DISTRITO de C\u00f3rdoba se afinan los detalles del primer informe de actividades legislativas de Javier Duarte de Ochoa y el anfitri\u00f3n ya advirti\u00f3 que nada ni nadie podr\u00e1 empa\u00f1ar su reporte de resultados, sobre todo porque el Gobierno Federal pretende restar presupuesto a la entidad veracruzana. Ya el ex secretario de Finanzas y Planeaci\u00f3n, Javier Duarte de Ochoa, anda por la Secretar\u00eda de Hacienda y Cr\u00e9dito P\u00fablico para evitar que se cancele la inversi\u00f3n inicial para el Distribuidor Vial Boticaria. Ahora se advierte que la Federaci\u00f3n tiene un doble discurso con los estados, pues aprueba y desaprueba proyectos.<\/p>\n<p>AYER HUBO un ameno encuentro en conocido restaurante de Lomas del Estadio. Compartieron el pan y la sal viejos amigos como Ignacio Gonz\u00e1lez Rebolledo, Miguel \u00c1ngel D\u00edaz Pedroza, Francisco Montes de Oca, y Servando Quiroz D\u00edaz. Todos ellos se sumaron a festejos y logros familiares de Flavino R\u00edos Alvarado, quien \u2013dicho sea de paso\u2014se apunta como el m\u00e1s viable candidato del PRI a la diputaci\u00f3n local con cabecera en el distrito de Minatitl\u00e1n.  <\/p>\n<p>FUENTES allegadas a la diputada Elizabeth Morales juran y perjuran que la reciente encuesta que fue publicada no tiene como prop\u00f3sito alentar rebeld\u00edas, sino dejar en claro lo que ellos consideran como una tendencia electoral.<\/p>\n","protected":false},"excerpt":{"rendered":"<p>* Duarte alerta sobre recortes a obras * En la mira, distribuidor Boticaria Jos\u00e9 Ortiz MedinaEn Corto&#8230; sin Cortes A nombre del grupo legislativo del PRI en el Congreso local de Veracruz, el diputado Tom\u00e1s Rubio Mart\u00ednez habl\u00f3 contundente: \u201cComo siempre la miop\u00eda pol\u00edtica de Acci\u00f3n Nacional, aunada a la perversa intenci\u00f3n de quienes desde [&hellip;]<\/p>\n","protected":false},"author":1,"featured_media":0,"comment_status":"open","ping_status":"open","sticky":false,"template":"","format":"standard","meta":{"_jetpack_newsletter_access":"","_jetpack_dont_email_post_to_subs":false,"_jetpack_newsletter_tier_id":0,"_jetpack_memberships_contains_paywalled_content":false,"_jetpack_memberships_contains_paid_content":false,"footnotes":""},"categories":[1],"tags":[],"class_list":["post-8118","post","type-post","status-publish","format-standard","hentry","category-sin-categoria"],"jetpack_featured_media_url":"","jetpack_sharing_enabled":true,"jetpack_shortlink":"https:\/\/wp.me\/p4Qcd3-26W","_links":{"self":[{"href":"https:\/\/lospoliticosveracruz.com.mx\/index.php?rest_route=\/wp\/v2\/posts\/8118","targetHints":{"allow":["GET"]}}],"collection":[{"href":"https:\/\/lospoliticosveracruz.com.mx\/index.php?rest_route=\/wp\/v2\/posts"}],"about":[{"href":"https:\/\/lospoliticosveracruz.com.mx\/index.php?rest_route=\/wp\/v2\/types\/post"}],"author":[{"embeddable":true,"href":"https:\/\/lospoliticosveracruz.com.mx\/index.php?rest_route=\/wp\/v2\/users\/1"}],"replies":[{"embeddable":true,"href":"https:\/\/lospoliticosveracruz.com.mx\/index.php?rest_route=%2Fwp%2Fv2%2Fcomments&post=8118"}],"version-history":[{"count":0,"href":"https:\/\/lospoliticosveracruz.com.mx\/index.php?rest_route=\/wp\/v2\/posts\/8118\/revisions"}],"wp:attachment":[{"href":"https:\/\/lospoliticosveracruz.com.mx\/index.php?rest_route=%2Fwp%2Fv2%2Fmedia&parent=8118"}],"wp:term":[{"taxonomy":"category","embeddable":true,"href":"https:\/\/lospoliticosveracruz.com.mx\/index.php?rest_route=%2Fwp%2Fv2%2Fcategories&post=8118"},{"taxonomy":"post_tag","embeddable":true,"href":"https:\/\/lospoliticosveracruz.com.mx\/index.php?rest_route=%2Fwp%2Fv2%2Ftags&post=8118"}],"curies":[{"name":"wp","href":"https:\/\/api.w.org\/{rel}","templated":true}]}}